{"id":32073,"date":"2018-04-22T20:01:40","date_gmt":"2018-04-22T23:01:40","guid":{"rendered":"https:\/\/eldiariodesanpedro.com.ar\/sitio\/?p=32073"},"modified":"2018-04-22T20:01:40","modified_gmt":"2018-04-22T23:01:40","slug":"lima-dos-casos-de-sarna-en-un-jardin-de-lima","status":"publish","type":"post","link":"https:\/\/eldiariodesanpedro.com.ar\/sitio\/lima-dos-casos-de-sarna-en-un-jardin-de-lima\/","title":{"rendered":"LIMA: Dos casos de sarna en un Jard\u00edn de Lima"},"content":{"rendered":"<p><!-- VideographyWP Plugin Message: Automatic video embedding prevented by plugin options. --><br \/>\nFueron confirmados por los directivos dos casos en alumnos de la instituci\u00f3n educativa.<br \/>\nEn el Jard\u00edn 918 de la localidad de Lima, Partido de Z\u00e1rate se hicieron p\u00fablicos dos casos de alumnos con sarpullido en su piel, diagnosticados con sarna. Las autoridades del Jard\u00edn aislaron a los menores y explicaron que \u201cest\u00e1n tomando las medidas sanitarias correspondientes para ver d\u00f3nde se origin\u00f3 la enfermedad\u201d. Sin embargo, las clases no ser\u00e1n suspendidas para el resto de los chicos.<\/p>\n<p><strong>\u00bfQu\u00e9 es la sarna?<\/strong><br \/>\n  La sarna es causada por \u00e1caros, peque\u00f1os par\u00e1sitos similares a insectos que infectan la capa m\u00e1s superficial de la piel. Provoca erupciones, irritaci\u00f3n y mucha picaz\u00f3n. Se transmite f\u00e1cilmente de una persona a otra a trav\u00e9s del contacto de piel a piel.<\/p>\n<p><strong>\u00bfC\u00f3mo se cura?<\/strong><br \/>\n  El tratamiento consiste en eliminar el \u00e1caro de la piel y en aliviar la picaz\u00f3n de la persona infectada. No s\u00f3lo se debe tratar a la persona enferma, sus familiares o las personas con las que conviva deben recibir tratamiento, aunque no tengan s\u00edntomas.<br \/>\n  Cuando se comienza el tratamiento de la sarna la posibilidad de contagiar a otras personas es muy baja (24 horas despu\u00e9s del inicio la posibilidad de contagio disminuye hasta el 1%). M\u00e1s del 95% de las personas que reciben tratamiento se curan de la sarna y no tienen ninguna complicaci\u00f3n. Tomar pastillas recortadas por un m\u00e9dico es la opci\u00f3n m\u00e1s r\u00e1pida y segura. Adem\u00e1s, para aliviar los s\u00edntomas m\u00e1s r\u00e1pido, se puede complementar con jabones especiales comprados en farmacias.<\/p>\n<p>Fuente: Z\u00e1rate Alerta<\/p>\n","protected":false},"excerpt":{"rendered":"<p>Fueron confirmados por los directivos dos casos en alumnos de la instituci\u00f3n educativa. En el Jard\u00edn 918 de la localidad de Lima, Partido de Z\u00e1rate se hicieron p\u00fablicos dos casos de alumnos con sarpullido en su piel, diagnosticados con sarna. Las autoridades del Jard\u00edn aislaron a los menores y explicaron que \u201cest\u00e1n tomando las medidas [&hellip;]<\/p>\n","protected":false},"author":4,"featured_media":32075,"comment_status":"open","ping_status":"closed","sticky":false,"template":"","format":"standard","meta":{"om_disable_all_campaigns":false,"_jetpack_memberships_contains_paid_content":false,"footnotes":""},"categories":[621],"tags":[],"class_list":["post-32073","post","type-post","status-publish","format-standard","has-post-thumbnail","hentry","category-regionales"],"aioseo_notices":[],"gutentor_comment":0,"jetpack_featured_media_url":"https:\/\/eldiariodesanpedro.com.ar\/sitio\/wp-content\/uploads\/2018\/04\/aula-jardin.jpg","jetpack_shortlink":"https:\/\/wp.me\/p6RhLt-8lj","jetpack_sharing_enabled":true,"_links":{"self":[{"href":"https:\/\/eldiariodesanpedro.com.ar\/sitio\/wp-json\/wp\/v2\/posts\/32073","targetHints":{"allow":["GET"]}}],"collection":[{"href":"https:\/\/eldiariodesanpedro.com.ar\/sitio\/wp-json\/wp\/v2\/posts"}],"about":[{"href":"https:\/\/eldiariodesanpedro.com.ar\/sitio\/wp-json\/wp\/v2\/types\/post"}],"author":[{"embeddable":true,"href":"https:\/\/eldiariodesanpedro.com.ar\/sitio\/wp-json\/wp\/v2\/users\/4"}],"replies":[{"embeddable":true,"href":"https:\/\/eldiariodesanpedro.com.ar\/sitio\/wp-json\/wp\/v2\/comments?post=32073"}],"version-history":[{"count":1,"href":"https:\/\/eldiariodesanpedro.com.ar\/sitio\/wp-json\/wp\/v2\/posts\/32073\/revisions"}],"predecessor-version":[{"id":32079,"href":"https:\/\/eldiariodesanpedro.com.ar\/sitio\/wp-json\/wp\/v2\/posts\/32073\/revisions\/32079"}],"wp:featuredmedia":[{"embeddable":true,"href":"https:\/\/eldiariodesanpedro.com.ar\/sitio\/wp-json\/wp\/v2\/media\/32075"}],"wp:attachment":[{"href":"https:\/\/eldiariodesanpedro.com.ar\/sitio\/wp-json\/wp\/v2\/media?parent=32073"}],"wp:term":[{"taxonomy":"category","embeddable":true,"href":"https:\/\/eldiariodesanpedro.com.ar\/sitio\/wp-json\/wp\/v2\/categories?post=32073"},{"taxonomy":"post_tag","embeddable":true,"href":"https:\/\/eldiariodesanpedro.com.ar\/sitio\/wp-json\/wp\/v2\/tags?post=32073"}],"curies":[{"name":"wp","href":"https:\/\/api.w.org\/{rel}","templated":true}]}}