{"id":32069,"date":"2018-04-22T19:56:44","date_gmt":"2018-04-22T22:56:44","guid":{"rendered":"https:\/\/eldiariodesanpedro.com.ar\/sitio\/?p=32069"},"modified":"2018-04-22T19:56:44","modified_gmt":"2018-04-22T22:56:44","slug":"san-nicolas-detienen-a-abuelo-tranza-acusado-de-vender-cocaina","status":"publish","type":"post","link":"https:\/\/eldiariodesanpedro.com.ar\/sitio\/san-nicolas-detienen-a-abuelo-tranza-acusado-de-vender-cocaina\/","title":{"rendered":"SAN NICOL\u00c1S: Detienen a abuelo tranza acusado de vender coca\u00edna"},"content":{"rendered":"<p><!-- VideographyWP Plugin Message: Automatic video embedding prevented by plugin options. --><br \/>\nEn la tarde noche del jueves 19, funcionarios judiciales de la UFI N\u00b0 1 tematizada en estupefacientes, a cargo de la Dra. Ver\u00f3nica Marcantonio, conjuntamente con personal de la Polic\u00eda Federal Argentina, Delegaci\u00f3n San Nicol\u00e1s, a cargo de Comisario Marcelo Morales, efectivizaron un allanamiento en un domicilio ubicado en calle Salces 34.<br \/>\n  En el interior de la vivienda y dentro del termotanque de la cocina, secuestraron 23,75 gramos de coca\u00edna fraccionada en 9 envoltorios que se encontraban ocultos y listos para su venta al menudeo.<\/p>\n<p>  Tambi\u00e9n se hallaron tel\u00e9fonos celulares, bolsas de nylon, agendas y anotaciones, balanza de precisi\u00f3n con vestigios de droga y dem\u00e1s elementos de corte y estiramiento. Adem\u00e1s, se secuestr\u00f3 la suma de $ 5.890.<br \/>\n  En la diligencia fue detenido \u00abEl Colo\u00bb, Arnaldo Hugo Pintos, de 67 a\u00f1os acusado de vender coca\u00edna.<\/p>\n<p>  Este sujeto reside en una sencilla casa del barrio Colombo, y luego de sucesivas tareas de investigaci\u00f3n realizadas por la Polic\u00eda Federal, se logr\u00f3 comprobar que al domicilio se acercaban muchos j\u00f3venes, los cuales permanec\u00edan por un breve lapso de tiempo, a comprarle drogas \u00abal abuelo\u00bb.<\/p>\n<p>  Los j\u00f3venes pagaban por cada bolsa $600, retir\u00e1ndose enseguida del lugar.<\/p>\n<p>  Este veterano vendedor de coca\u00edna al por menor, el \u00faltimo eslab\u00f3n de la cadena de comercializaci\u00f3n de drogas, utilizaba bolsitas de pl\u00e1stico atadas en uno de sus extremos, era un vendedor de categor\u00eda, sus bolsitas eran sin\u00f3nimo de calidad, su coca\u00edna era de primera clase, indican fuentes de la investigaci\u00f3n, no hab\u00eda mentiras en sus dosis.<\/p>\n<p>  El \u00ababuelo\u00bb qued\u00f3 imputado por los delitos de \u00abTenencia de estupefacientes con fines de comercializaci\u00f3n\u00bb.<\/p>\n<p>Fuente: Diario El Informante<\/p>\n","protected":false},"excerpt":{"rendered":"<p>En la tarde noche del jueves 19, funcionarios judiciales de la UFI N\u00b0 1 tematizada en estupefacientes, a cargo de la Dra. Ver\u00f3nica Marcantonio, conjuntamente con personal de la Polic\u00eda Federal Argentina, Delegaci\u00f3n San Nicol\u00e1s, a cargo de Comisario Marcelo Morales, efectivizaron un allanamiento en un domicilio ubicado en calle Salces 34. En el interior [&hellip;]<\/p>\n","protected":false},"author":4,"featured_media":32072,"comment_status":"open","ping_status":"closed","sticky":false,"template":"","format":"standard","meta":{"om_disable_all_campaigns":false,"_jetpack_memberships_contains_paid_content":false,"footnotes":""},"categories":[621],"tags":[],"class_list":["post-32069","post","type-post","status-publish","format-standard","has-post-thumbnail","hentry","category-regionales"],"aioseo_notices":[],"gutentor_comment":0,"jetpack_featured_media_url":"https:\/\/eldiariodesanpedro.com.ar\/sitio\/wp-content\/uploads\/2018\/04\/Detienen-a-abuelo-tranza-acusado-de-vender-coca\u00edna.jpg","jetpack_shortlink":"https:\/\/wp.me\/p6RhLt-8lf","jetpack_sharing_enabled":true,"_links":{"self":[{"href":"https:\/\/eldiariodesanpedro.com.ar\/sitio\/wp-json\/wp\/v2\/posts\/32069","targetHints":{"allow":["GET"]}}],"collection":[{"href":"https:\/\/eldiariodesanpedro.com.ar\/sitio\/wp-json\/wp\/v2\/posts"}],"about":[{"href":"https:\/\/eldiariodesanpedro.com.ar\/sitio\/wp-json\/wp\/v2\/types\/post"}],"author":[{"embeddable":true,"href":"https:\/\/eldiariodesanpedro.com.ar\/sitio\/wp-json\/wp\/v2\/users\/4"}],"replies":[{"embeddable":true,"href":"https:\/\/eldiariodesanpedro.com.ar\/sitio\/wp-json\/wp\/v2\/comments?post=32069"}],"version-history":[{"count":2,"href":"https:\/\/eldiariodesanpedro.com.ar\/sitio\/wp-json\/wp\/v2\/posts\/32069\/revisions"}],"predecessor-version":[{"id":32074,"href":"https:\/\/eldiariodesanpedro.com.ar\/sitio\/wp-json\/wp\/v2\/posts\/32069\/revisions\/32074"}],"wp:featuredmedia":[{"embeddable":true,"href":"https:\/\/eldiariodesanpedro.com.ar\/sitio\/wp-json\/wp\/v2\/media\/32072"}],"wp:attachment":[{"href":"https:\/\/eldiariodesanpedro.com.ar\/sitio\/wp-json\/wp\/v2\/media?parent=32069"}],"wp:term":[{"taxonomy":"category","embeddable":true,"href":"https:\/\/eldiariodesanpedro.com.ar\/sitio\/wp-json\/wp\/v2\/categories?post=32069"},{"taxonomy":"post_tag","embeddable":true,"href":"https:\/\/eldiariodesanpedro.com.ar\/sitio\/wp-json\/wp\/v2\/tags?post=32069"}],"curies":[{"name":"wp","href":"https:\/\/api.w.org\/{rel}","templated":true}]}}