{"id":32066,"date":"2018-04-22T19:52:37","date_gmt":"2018-04-22T22:52:37","guid":{"rendered":"https:\/\/eldiariodesanpedro.com.ar\/sitio\/?p=32066"},"modified":"2018-04-22T19:52:37","modified_gmt":"2018-04-22T22:52:37","slug":"baradero-aprehendieron-a-un-hombre-acusado-de-golpear-a-su-expareja-y-a-su-bebe","status":"publish","type":"post","link":"https:\/\/eldiariodesanpedro.com.ar\/sitio\/baradero-aprehendieron-a-un-hombre-acusado-de-golpear-a-su-expareja-y-a-su-bebe\/","title":{"rendered":"BARADERO: Aprehendieron a un hombre acusado de golpear a su expareja y a su beb\u00e9"},"content":{"rendered":"<p><!-- VideographyWP Plugin Message: Automatic video embedding prevented by plugin options. --><br \/>\nLa polic\u00eda fue alertada a trav\u00e9s de un llamado sobre una situaci\u00f3n de violencia. Al llegar al lugar, los oficiales aprehendieron a un hombre porque hab\u00eda golpeado a su expareja y su beb\u00e9 de tres meses.<\/p>\n<p>  La detenci\u00f3n se produjo en calle Cabrera al 1800 luego de un llamado al 911 que, seg\u00fan lo que explic\u00f3 el Sub Comisario Mario M\u00e9ndez en 105.7 Tu Radio, afirmaba que un hombre portaba un arma blanca.<\/p>\n<p>  Al llegar al lugar, si bien no pudieron hallar el arma, una joven de 16 a\u00f1os afirm\u00f3 que hab\u00eda sido agredida por este hombre que es su expareja. Adem\u00e1s, explic\u00f3 que en esa agresi\u00f3n hab\u00eda resultado herido su bebe de tres meses.<br \/>\n  Por lo cual, se procedi\u00f3 al traslado del sindicado como agresor de 21 a\u00f1os a la Comisar\u00eda Comunal, quien est\u00e1 domiciliado en Del Corro al 3000.<\/p>\n<p>  A\u00fan no pudieron confirmar si el llamado brindaba informaci\u00f3n err\u00f3nea o el mismo pudo descartar el arma blanca antes de que se haga presente la polic\u00eda. Dicha persona permanece alojado en sede policial. Intervino tambi\u00e9n en el caso la Comisar\u00eda de la Mujer y la Familia; y la Fiscal\u00eda en turno.<\/p>\n<p>Fuente: Tu L\u00ednea Directa<\/p>\n","protected":false},"excerpt":{"rendered":"<p>La polic\u00eda fue alertada a trav\u00e9s de un llamado sobre una situaci\u00f3n de violencia. Al llegar al lugar, los oficiales aprehendieron a un hombre porque hab\u00eda golpeado a su expareja y su beb\u00e9 de tres meses. La detenci\u00f3n se produjo en calle Cabrera al 1800 luego de un llamado al 911 que, seg\u00fan lo que [&hellip;]<\/p>\n","protected":false},"author":4,"featured_media":32068,"comment_status":"open","ping_status":"closed","sticky":false,"template":"","format":"standard","meta":{"om_disable_all_campaigns":false,"_jetpack_memberships_contains_paid_content":false,"footnotes":""},"categories":[621],"tags":[],"class_list":["post-32066","post","type-post","status-publish","format-standard","has-post-thumbnail","hentry","category-regionales"],"aioseo_notices":[],"gutentor_comment":0,"jetpack_featured_media_url":"https:\/\/eldiariodesanpedro.com.ar\/sitio\/wp-content\/uploads\/2018\/04\/Aprehendieron-a-un-hombre-acusado-de-golpear-a-su-expareja-y-a-su-beb\u00e9.jpg","jetpack_shortlink":"https:\/\/wp.me\/p6RhLt-8lc","jetpack_sharing_enabled":true,"_links":{"self":[{"href":"https:\/\/eldiariodesanpedro.com.ar\/sitio\/wp-json\/wp\/v2\/posts\/32066","targetHints":{"allow":["GET"]}}],"collection":[{"href":"https:\/\/eldiariodesanpedro.com.ar\/sitio\/wp-json\/wp\/v2\/posts"}],"about":[{"href":"https:\/\/eldiariodesanpedro.com.ar\/sitio\/wp-json\/wp\/v2\/types\/post"}],"author":[{"embeddable":true,"href":"https:\/\/eldiariodesanpedro.com.ar\/sitio\/wp-json\/wp\/v2\/users\/4"}],"replies":[{"embeddable":true,"href":"https:\/\/eldiariodesanpedro.com.ar\/sitio\/wp-json\/wp\/v2\/comments?post=32066"}],"version-history":[{"count":1,"href":"https:\/\/eldiariodesanpedro.com.ar\/sitio\/wp-json\/wp\/v2\/posts\/32066\/revisions"}],"predecessor-version":[{"id":32070,"href":"https:\/\/eldiariodesanpedro.com.ar\/sitio\/wp-json\/wp\/v2\/posts\/32066\/revisions\/32070"}],"wp:featuredmedia":[{"embeddable":true,"href":"https:\/\/eldiariodesanpedro.com.ar\/sitio\/wp-json\/wp\/v2\/media\/32068"}],"wp:attachment":[{"href":"https:\/\/eldiariodesanpedro.com.ar\/sitio\/wp-json\/wp\/v2\/media?parent=32066"}],"wp:term":[{"taxonomy":"category","embeddable":true,"href":"https:\/\/eldiariodesanpedro.com.ar\/sitio\/wp-json\/wp\/v2\/categories?post=32066"},{"taxonomy":"post_tag","embeddable":true,"href":"https:\/\/eldiariodesanpedro.com.ar\/sitio\/wp-json\/wp\/v2\/tags?post=32066"}],"curies":[{"name":"wp","href":"https:\/\/api.w.org\/{rel}","templated":true}]}}