{"id":32064,"date":"2018-04-22T19:51:31","date_gmt":"2018-04-22T22:51:31","guid":{"rendered":"https:\/\/eldiariodesanpedro.com.ar\/sitio\/?p=32064"},"modified":"2018-04-22T19:51:31","modified_gmt":"2018-04-22T22:51:31","slug":"campana-abella-recibio-a-nerina-la-bailarina-becada-por-la-fundacion-julio-bocca","status":"publish","type":"post","link":"https:\/\/eldiariodesanpedro.com.ar\/sitio\/campana-abella-recibio-a-nerina-la-bailarina-becada-por-la-fundacion-julio-bocca\/","title":{"rendered":"CAMPANA: Abella recibi\u00f3 a Nerina, la bailarina becada por la Fundaci\u00f3n Julio Bocca"},"content":{"rendered":"<p><!-- VideographyWP Plugin Message: Automatic video embedding prevented by plugin options. --><br \/>\nAlumna del taller municipal de Ballet y Danzas desde hace cinco a\u00f1os, la joven acaba de recibir una importante beca. \u201cSu historia es un ejemplo para todos los j\u00f3venes de la ciudad que persiguen un sue\u00f1o\u201d, enfatiz\u00f3 Abella.<\/p>\n<p>  El Intendente Sebasti\u00e1n Abella recibi\u00f3 este viernes a Nerina Retamozo, la joven bailarina campanense que recientemente recibi\u00f3 una beca de la Fundaci\u00f3n Julio Bocca para estudiar Danzas Cl\u00e1sicas y Jazz.<\/p>\n<p>  \u201cLa Chini\u201d, como le dicen sus compa\u00f1eras, es alumna del Taller Municipal de Ballet y Danzas que la profesora Claudia Giuppone dicta en Villanueva, donde comenz\u00f3 hace cinco a\u00f1os.<\/p>\n<p>  En el marco de una distendida charla, Nerina le cont\u00f3 al Intendente la emoci\u00f3n que ella y su familia sintieron al recibir la noticia de la obtenci\u00f3n de la beca y c\u00f3mo se fue perfeccionando a trav\u00e9s de distintos seminarios y cursos.<\/p>\n<p>  \u201cCon tan solo 14 a\u00f1os, Nerina es un ejemplo para todos los j\u00f3venes de la ciudad que quieren perseguir un sue\u00f1o. Su historia nos demuestra que, con empe\u00f1o, constancia y trabajo, se pueden alcanzar incluso aquellas metas que parecen imposibles\u201d, resalt\u00f3 Abella.<\/p>\n<p>  El Intendente felicit\u00f3 a la joven por el logro, la impuls\u00f3 a seguir adelante y destac\u00f3 tanto el acompa\u00f1amiento de su familia como tambi\u00e9n de la profesora de los talleres municipales en cada paso que dan sus alumnas.<br \/>\n  \u201cNerina me cont\u00f3 que si bien desde la Fundaci\u00f3n Julio Bocca le hab\u00edan puesto como requisito para recibir la beca que no baile en ning\u00fan otro lado, su mam\u00e1 pidi\u00f3 \u2013y consigui\u00f3- que la dejen seguir bailando en los talleres municipales, algo que me llen\u00f3 de orgullo\u201d, enfatiz\u00f3 Abella.<\/p>\n<p>Fuente: Infozc.com<\/p>\n","protected":false},"excerpt":{"rendered":"<p>Alumna del taller municipal de Ballet y Danzas desde hace cinco a\u00f1os, la joven acaba de recibir una importante beca. \u201cSu historia es un ejemplo para todos los j\u00f3venes de la ciudad que persiguen un sue\u00f1o\u201d, enfatiz\u00f3 Abella. El Intendente Sebasti\u00e1n Abella recibi\u00f3 este viernes a Nerina Retamozo, la joven bailarina campanense que recientemente recibi\u00f3 [&hellip;]<\/p>\n","protected":false},"author":4,"featured_media":32065,"comment_status":"open","ping_status":"closed","sticky":false,"template":"","format":"standard","meta":{"om_disable_all_campaigns":false,"_jetpack_memberships_contains_paid_content":false,"footnotes":""},"categories":[621],"tags":[],"class_list":["post-32064","post","type-post","status-publish","format-standard","has-post-thumbnail","hentry","category-regionales"],"aioseo_notices":[],"gutentor_comment":0,"jetpack_featured_media_url":"https:\/\/eldiariodesanpedro.com.ar\/sitio\/wp-content\/uploads\/2018\/04\/Nerina-la-joven-bailarina-campanense-.jpg","jetpack_shortlink":"https:\/\/wp.me\/p6RhLt-8la","jetpack_sharing_enabled":true,"_links":{"self":[{"href":"https:\/\/eldiariodesanpedro.com.ar\/sitio\/wp-json\/wp\/v2\/posts\/32064","targetHints":{"allow":["GET"]}}],"collection":[{"href":"https:\/\/eldiariodesanpedro.com.ar\/sitio\/wp-json\/wp\/v2\/posts"}],"about":[{"href":"https:\/\/eldiariodesanpedro.com.ar\/sitio\/wp-json\/wp\/v2\/types\/post"}],"author":[{"embeddable":true,"href":"https:\/\/eldiariodesanpedro.com.ar\/sitio\/wp-json\/wp\/v2\/users\/4"}],"replies":[{"embeddable":true,"href":"https:\/\/eldiariodesanpedro.com.ar\/sitio\/wp-json\/wp\/v2\/comments?post=32064"}],"version-history":[{"count":1,"href":"https:\/\/eldiariodesanpedro.com.ar\/sitio\/wp-json\/wp\/v2\/posts\/32064\/revisions"}],"predecessor-version":[{"id":32067,"href":"https:\/\/eldiariodesanpedro.com.ar\/sitio\/wp-json\/wp\/v2\/posts\/32064\/revisions\/32067"}],"wp:featuredmedia":[{"embeddable":true,"href":"https:\/\/eldiariodesanpedro.com.ar\/sitio\/wp-json\/wp\/v2\/media\/32065"}],"wp:attachment":[{"href":"https:\/\/eldiariodesanpedro.com.ar\/sitio\/wp-json\/wp\/v2\/media?parent=32064"}],"wp:term":[{"taxonomy":"category","embeddable":true,"href":"https:\/\/eldiariodesanpedro.com.ar\/sitio\/wp-json\/wp\/v2\/categories?post=32064"},{"taxonomy":"post_tag","embeddable":true,"href":"https:\/\/eldiariodesanpedro.com.ar\/sitio\/wp-json\/wp\/v2\/tags?post=32064"}],"curies":[{"name":"wp","href":"https:\/\/api.w.org\/{rel}","templated":true}]}}