{"id":32059,"date":"2018-04-22T19:48:50","date_gmt":"2018-04-22T22:48:50","guid":{"rendered":"https:\/\/eldiariodesanpedro.com.ar\/sitio\/?p=32059"},"modified":"2018-04-22T19:48:50","modified_gmt":"2018-04-22T22:48:50","slug":"encuentro-en-capitan-sarmiento-con-el-director-de-vialidad-nacional","status":"publish","type":"post","link":"https:\/\/eldiariodesanpedro.com.ar\/sitio\/encuentro-en-capitan-sarmiento-con-el-director-de-vialidad-nacional\/","title":{"rendered":"Encuentro en Capit\u00e1n Sarmiento con el Director de Vialidad Nacional"},"content":{"rendered":"<p><!-- VideographyWP Plugin Message: Automatic video embedding prevented by plugin options. --><br \/>\n  Diversos intendentes, legisladores y concejales de Cambiemos de la Segunda Secci\u00f3n electoral de la Provincia de Buenos Aires compartieron un encuentro ayer en Capit\u00e1n Sarmiento con el Director de Vialidad Nacional, Javier Iguacel, el Ministro de Ciencia, Tecnolog\u00eda e Innovaci\u00f3n de la Provincia de Buenos Aires, Jorge Elustondo, el Subsecretario de Asuntos Municipales bonaerense, Alex Campbell, y su colaboradora Anastasia Peralta Ramos, Directora de Asesoramiento y Relaciones Municipales.<\/p>\n<p>  Entre los intendentes estuvieron Fernanda Antonajevic de Baradero, Javier Mart\u00ednez de Pergamino, Javier Olaeta de Arrecifes, Claudio Rossi de Rojas y Manuel Passaglia de San Nicol\u00e1s. Tambi\u00e9n estuvo Eduardo \u201cVasco\u201d Jord\u00e1n (Cambiemos Areco).<\/p>\n<p>  Durante el encuentro se convers\u00f3 sobre la forma de fortalecer Cambiemos desde la diversidad, profundizar el trabajo en el territorio sin descuidar la gesti\u00f3n, buscar crecer en aquellos distritos donde no gobierna el oficialismo y seguir estando cerca del vecino sin dejar de escuchar las cr\u00edticas y las realidades que son las que mejor gu\u00edan la gesti\u00f3n.<\/p>\n<p>  Entre los legisladores estuvieron presentes Sandra Par\u00eds, Susana Lazzari y Andrea Bosco -diputadas provinciales- Marcelo Pac\u00edfico y Patricio Dilleo -senadores provinciales- y los concejales Gustavo Peir\u00e9 (Ramallo), Eugenio Lacanete (San Andr\u00e9s de Giles) y Fernanda Astorino (Capit\u00e1n Sarmiento).<\/p>\n","protected":false},"excerpt":{"rendered":"<p>Diversos intendentes, legisladores y concejales de Cambiemos de la Segunda Secci\u00f3n electoral de la Provincia de Buenos Aires compartieron un encuentro ayer en Capit\u00e1n Sarmiento con el Director de Vialidad Nacional, Javier Iguacel, el Ministro de Ciencia, Tecnolog\u00eda e Innovaci\u00f3n de la Provincia de Buenos Aires, Jorge Elustondo, el Subsecretario de Asuntos Municipales bonaerense, Alex [&hellip;]<\/p>\n","protected":false},"author":4,"featured_media":32062,"comment_status":"open","ping_status":"closed","sticky":false,"template":"","format":"standard","meta":{"om_disable_all_campaigns":false,"_jetpack_memberships_contains_paid_content":false,"footnotes":""},"categories":[101,2],"tags":[],"class_list":["post-32059","post","type-post","status-publish","format-standard","has-post-thumbnail","hentry","category-interes-general-locales","category-locales"],"aioseo_notices":[],"gutentor_comment":0,"jetpack_featured_media_url":"https:\/\/eldiariodesanpedro.com.ar\/sitio\/wp-content\/uploads\/2018\/04\/Encuentro-en-Capit\u00e1n-Sarmiento-con-el-Director-de-Vialidad-Nacional.jpeg","jetpack_shortlink":"https:\/\/wp.me\/p6RhLt-8l5","jetpack_sharing_enabled":true,"_links":{"self":[{"href":"https:\/\/eldiariodesanpedro.com.ar\/sitio\/wp-json\/wp\/v2\/posts\/32059","targetHints":{"allow":["GET"]}}],"collection":[{"href":"https:\/\/eldiariodesanpedro.com.ar\/sitio\/wp-json\/wp\/v2\/posts"}],"about":[{"href":"https:\/\/eldiariodesanpedro.com.ar\/sitio\/wp-json\/wp\/v2\/types\/post"}],"author":[{"embeddable":true,"href":"https:\/\/eldiariodesanpedro.com.ar\/sitio\/wp-json\/wp\/v2\/users\/4"}],"replies":[{"embeddable":true,"href":"https:\/\/eldiariodesanpedro.com.ar\/sitio\/wp-json\/wp\/v2\/comments?post=32059"}],"version-history":[{"count":1,"href":"https:\/\/eldiariodesanpedro.com.ar\/sitio\/wp-json\/wp\/v2\/posts\/32059\/revisions"}],"predecessor-version":[{"id":32063,"href":"https:\/\/eldiariodesanpedro.com.ar\/sitio\/wp-json\/wp\/v2\/posts\/32059\/revisions\/32063"}],"wp:featuredmedia":[{"embeddable":true,"href":"https:\/\/eldiariodesanpedro.com.ar\/sitio\/wp-json\/wp\/v2\/media\/32062"}],"wp:attachment":[{"href":"https:\/\/eldiariodesanpedro.com.ar\/sitio\/wp-json\/wp\/v2\/media?parent=32059"}],"wp:term":[{"taxonomy":"category","embeddable":true,"href":"https:\/\/eldiariodesanpedro.com.ar\/sitio\/wp-json\/wp\/v2\/categories?post=32059"},{"taxonomy":"post_tag","embeddable":true,"href":"https:\/\/eldiariodesanpedro.com.ar\/sitio\/wp-json\/wp\/v2\/tags?post=32059"}],"curies":[{"name":"wp","href":"https:\/\/api.w.org\/{rel}","templated":true}]}}