{"id":32058,"date":"2018-04-22T19:47:48","date_gmt":"2018-04-22T22:47:48","guid":{"rendered":"https:\/\/eldiariodesanpedro.com.ar\/sitio\/?p=32058"},"modified":"2018-04-22T19:47:48","modified_gmt":"2018-04-22T22:47:48","slug":"inauguracion-de-nuevas-instalaciones-y-jornada-de-sindical-en-el-sec","status":"publish","type":"post","link":"https:\/\/eldiariodesanpedro.com.ar\/sitio\/inauguracion-de-nuevas-instalaciones-y-jornada-de-sindical-en-el-sec\/","title":{"rendered":"Inauguraci\u00f3n de nuevas instalaciones y Jornada de Sindical en el SEC"},"content":{"rendered":"<p><!-- VideographyWP Plugin Message: Automatic video embedding prevented by plugin options. --><br \/>\n  El Sindicato de Empleados de Comercio de San Pedro tendr\u00e1 esta semana dos jornadas muy importantes destinadas a la capacitaci\u00f3n y al fortalecimiento de la tarea que se desarrolla all\u00ed, vinculando a todos los mercantiles.<\/p>\n<p>  El martes 24 desde las 9 hasta las 16.30 hs., junto a la Federaci\u00f3n Argentina de Empleados de Comercio y Servicios a trav\u00e9s de su Secretar\u00eda de Higiene, Medicina y Seguridad en el Trabajo, se presentar\u00e1 una charla sobre Ergonom\u00eda y Trastornos Musculoesquel\u00e9ticos para abordar factores de riesgo, prevenci\u00f3n y legislaci\u00f3n, a cargo del Licenciado Eduardo Chor\u00e9n. Posteriormente se dictar\u00e1 un taller sobre aseguradoras de riesgos de trabajo a cargo del Dr. Jorge Tobar con la intenci\u00f3n de aclarar todas las dudas e inquietudes de los concurrentes.<\/p>\n<p>  El mi\u00e9rcoles 25 estar\u00e1 en San Pedro para encabezar una reuni\u00f3n de regional del Movimiento Mercantil del Interior, el Subsecretario General de la FAECYS (Federaci\u00f3n Argentina de Empleados de Comercio y Servicios) y Secretario de este movimiento, Jos\u00e9 Gonz\u00e1lez (foto).<\/p>\n<p>  Por tal motivo se ofrecer\u00e1 una conferencia de prensa a las 12 hs. en el sal\u00f3n de Pellegrini 472 a la que queremos invitarlos especialmente.<\/p>\n<p>  La oportunidad ser\u00e1 propicia tambi\u00e9n para inaugurar las obras que se llevaron adelante durante los \u00faltimos meses y que han culminado con una modernizaci\u00f3n total de las instalaciones del SEC San Pedro y del Instituto de Formaci\u00f3n Profesional que ofrece los cursos en convenio con el Ministerio de Trabajo de la Naci\u00f3n.<\/p>\n","protected":false},"excerpt":{"rendered":"<p>El Sindicato de Empleados de Comercio de San Pedro tendr\u00e1 esta semana dos jornadas muy importantes destinadas a la capacitaci\u00f3n y al fortalecimiento de la tarea que se desarrolla all\u00ed, vinculando a todos los mercantiles. El martes 24 desde las 9 hasta las 16.30 hs., junto a la Federaci\u00f3n Argentina de Empleados de Comercio y [&hellip;]<\/p>\n","protected":false},"author":4,"featured_media":32060,"comment_status":"open","ping_status":"closed","sticky":false,"template":"","format":"standard","meta":{"om_disable_all_campaigns":false,"_jetpack_memberships_contains_paid_content":false,"footnotes":""},"categories":[101,2],"tags":[],"class_list":["post-32058","post","type-post","status-publish","format-standard","has-post-thumbnail","hentry","category-interes-general-locales","category-locales"],"aioseo_notices":[],"gutentor_comment":0,"jetpack_featured_media_url":"https:\/\/eldiariodesanpedro.com.ar\/sitio\/wp-content\/uploads\/2018\/04\/Dos-jornadas-muy-importantes-destinadas-a-capacitaci\u00f3n-.jpg","jetpack_shortlink":"https:\/\/wp.me\/p6RhLt-8l4","jetpack_sharing_enabled":true,"_links":{"self":[{"href":"https:\/\/eldiariodesanpedro.com.ar\/sitio\/wp-json\/wp\/v2\/posts\/32058","targetHints":{"allow":["GET"]}}],"collection":[{"href":"https:\/\/eldiariodesanpedro.com.ar\/sitio\/wp-json\/wp\/v2\/posts"}],"about":[{"href":"https:\/\/eldiariodesanpedro.com.ar\/sitio\/wp-json\/wp\/v2\/types\/post"}],"author":[{"embeddable":true,"href":"https:\/\/eldiariodesanpedro.com.ar\/sitio\/wp-json\/wp\/v2\/users\/4"}],"replies":[{"embeddable":true,"href":"https:\/\/eldiariodesanpedro.com.ar\/sitio\/wp-json\/wp\/v2\/comments?post=32058"}],"version-history":[{"count":1,"href":"https:\/\/eldiariodesanpedro.com.ar\/sitio\/wp-json\/wp\/v2\/posts\/32058\/revisions"}],"predecessor-version":[{"id":32061,"href":"https:\/\/eldiariodesanpedro.com.ar\/sitio\/wp-json\/wp\/v2\/posts\/32058\/revisions\/32061"}],"wp:featuredmedia":[{"embeddable":true,"href":"https:\/\/eldiariodesanpedro.com.ar\/sitio\/wp-json\/wp\/v2\/media\/32060"}],"wp:attachment":[{"href":"https:\/\/eldiariodesanpedro.com.ar\/sitio\/wp-json\/wp\/v2\/media?parent=32058"}],"wp:term":[{"taxonomy":"category","embeddable":true,"href":"https:\/\/eldiariodesanpedro.com.ar\/sitio\/wp-json\/wp\/v2\/categories?post=32058"},{"taxonomy":"post_tag","embeddable":true,"href":"https:\/\/eldiariodesanpedro.com.ar\/sitio\/wp-json\/wp\/v2\/tags?post=32058"}],"curies":[{"name":"wp","href":"https:\/\/api.w.org\/{rel}","templated":true}]}}