{"id":32053,"date":"2018-04-22T19:44:36","date_gmt":"2018-04-22T22:44:36","guid":{"rendered":"https:\/\/eldiariodesanpedro.com.ar\/sitio\/?p=32053"},"modified":"2018-04-22T19:44:36","modified_gmt":"2018-04-22T22:44:36","slug":"viaje-a-carlos-paz-para-jubilados-municipales","status":"publish","type":"post","link":"https:\/\/eldiariodesanpedro.com.ar\/sitio\/viaje-a-carlos-paz-para-jubilados-municipales\/","title":{"rendered":"Viaje a Carlos Paz para Jubilados Municipales"},"content":{"rendered":"<p><!-- VideographyWP Plugin Message: Automatic video embedding prevented by plugin options. --><br \/>\n  Desde hoy est\u00e1 abierta la inscripci\u00f3n para cubrir los cupos limitados asignados a nuestra ciudad para el pr\u00f3ximo viaje del Programa Turismo Grande a trav\u00e9s del cual los jubilados municipales pueden acceder a viajes tur\u00edsticos por el interior del pa\u00eds. <\/p>\n<p>  La pr\u00f3xima salida ser\u00e1 el 30 de abril con destino a Villa Carlos Paz. El tour totalmente gratuito, comprende hasta el 4 de mayo con pensi\u00f3n completa y regreso en esa jornada despu\u00e9s del desayuno. La inscripci\u00f3n debe realizarse en el Centro de Atenci\u00f3n Previsional (CAP) ubicado en la planta baja del Edificio Paran\u00e1, 25 de Mayo 622, local 8, de 10 a 13. El cupo a completar es el de un micro de 47 plazas y para inscribirse s\u00f3lo se debe llevar una fotocopia del DNI.<\/p>\n","protected":false},"excerpt":{"rendered":"<p>Desde hoy est\u00e1 abierta la inscripci\u00f3n para cubrir los cupos limitados asignados a nuestra ciudad para el pr\u00f3ximo viaje del Programa Turismo Grande a trav\u00e9s del cual los jubilados municipales pueden acceder a viajes tur\u00edsticos por el interior del pa\u00eds. La pr\u00f3xima salida ser\u00e1 el 30 de abril con destino a Villa Carlos Paz. El [&hellip;]<\/p>\n","protected":false},"author":4,"featured_media":32056,"comment_status":"open","ping_status":"closed","sticky":false,"template":"","format":"standard","meta":{"om_disable_all_campaigns":false,"_jetpack_memberships_contains_paid_content":false,"footnotes":""},"categories":[101,2],"tags":[],"class_list":["post-32053","post","type-post","status-publish","format-standard","has-post-thumbnail","hentry","category-interes-general-locales","category-locales"],"aioseo_notices":[],"gutentor_comment":0,"jetpack_featured_media_url":"https:\/\/eldiariodesanpedro.com.ar\/sitio\/wp-content\/uploads\/2018\/04\/carlos-paz-1.jpg","jetpack_shortlink":"https:\/\/wp.me\/p6RhLt-8kZ","jetpack_sharing_enabled":true,"_links":{"self":[{"href":"https:\/\/eldiariodesanpedro.com.ar\/sitio\/wp-json\/wp\/v2\/posts\/32053","targetHints":{"allow":["GET"]}}],"collection":[{"href":"https:\/\/eldiariodesanpedro.com.ar\/sitio\/wp-json\/wp\/v2\/posts"}],"about":[{"href":"https:\/\/eldiariodesanpedro.com.ar\/sitio\/wp-json\/wp\/v2\/types\/post"}],"author":[{"embeddable":true,"href":"https:\/\/eldiariodesanpedro.com.ar\/sitio\/wp-json\/wp\/v2\/users\/4"}],"replies":[{"embeddable":true,"href":"https:\/\/eldiariodesanpedro.com.ar\/sitio\/wp-json\/wp\/v2\/comments?post=32053"}],"version-history":[{"count":1,"href":"https:\/\/eldiariodesanpedro.com.ar\/sitio\/wp-json\/wp\/v2\/posts\/32053\/revisions"}],"predecessor-version":[{"id":32057,"href":"https:\/\/eldiariodesanpedro.com.ar\/sitio\/wp-json\/wp\/v2\/posts\/32053\/revisions\/32057"}],"wp:featuredmedia":[{"embeddable":true,"href":"https:\/\/eldiariodesanpedro.com.ar\/sitio\/wp-json\/wp\/v2\/media\/32056"}],"wp:attachment":[{"href":"https:\/\/eldiariodesanpedro.com.ar\/sitio\/wp-json\/wp\/v2\/media?parent=32053"}],"wp:term":[{"taxonomy":"category","embeddable":true,"href":"https:\/\/eldiariodesanpedro.com.ar\/sitio\/wp-json\/wp\/v2\/categories?post=32053"},{"taxonomy":"post_tag","embeddable":true,"href":"https:\/\/eldiariodesanpedro.com.ar\/sitio\/wp-json\/wp\/v2\/tags?post=32053"}],"curies":[{"name":"wp","href":"https:\/\/api.w.org\/{rel}","templated":true}]}}