{"id":32045,"date":"2018-04-20T21:19:22","date_gmt":"2018-04-21T00:19:22","guid":{"rendered":"https:\/\/eldiariodesanpedro.com.ar\/sitio\/?p=32045"},"modified":"2018-04-20T21:19:22","modified_gmt":"2018-04-21T00:19:22","slug":"familiares-amigos-y-vecinos-de-mariela-marcharon-por-el-bajo-en-contra-de-los-femicidios","status":"publish","type":"post","link":"https:\/\/eldiariodesanpedro.com.ar\/sitio\/familiares-amigos-y-vecinos-de-mariela-marcharon-por-el-bajo-en-contra-de-los-femicidios\/","title":{"rendered":"Familiares, amigos y vecinos de Mariela marcharon por el Bajo en contra de los femicidios"},"content":{"rendered":"<p><!-- VideographyWP Plugin Message: Automatic video embedding prevented by plugin options. --><br \/>\n  Este viernes por la tarde, como estaba previsto, se realiz\u00f3 la marcha por el femicidio de Mariela Figueroa, donde estuvieron presentes familiares y amigos de la v\u00edctima.  Hubo gran apoyo de la ciudadan\u00eda. <\/p>\n<p>  La convocatoria se realiz\u00f3 a trav\u00e9s de las redes sociales, se cit\u00f3 a todos los sampedrinos a concentrarse en el mirador del barrio El Amanecer, para desde all\u00ed salir y movilizarse hasta la intersecci\u00f3n de la calle Juan Ismael Gim\u00e9nez y Av. 11 de Septiembre. Todos juntos caminaron por el crimen de Mariela, de 35 a\u00f1os, asesinada el jueves por su expareja Alberto Lafuente, quien adem\u00e1s, bale\u00f3 a Emerson G\u00f3mez el hijo de Mariela, de 12 a\u00f1os. El ni\u00f1o permanece internado en Pergamino.<\/p>\n<p>  En la movilizaci\u00f3n estuvieron presentes las organizaciones que luchan contra la violencia de g\u00e9nero como, por ejemplo, Minerva Miraval y Libres de Miedo, adem\u00e1s de Mujeres de las Canaletas. El Movimiento Evita tambi\u00e9n acompa\u00f1\u00f3 en la marcha.<\/p>\n<p>  Los familiares y amigos de Natalia Duarte, asesinada en febrero de este a\u00f1o, tambi\u00e9n por su expareja, tampoco faltaron a esta emocionante movilizaci\u00f3n.<\/p>\n<p>  El asesinato ocurri\u00f3 este jueves alrededor de las 11:30 hs. Mariela Figueroa de 37 a\u00f1os resid\u00eda con su actual pareja y su hijo de 12 a\u00f1os, Emerson G\u00f3mez. La madre y el ni\u00f1o fueron baleados por la expareja Alberto \u201cEl Negro\u201d Lafuente, que provoc\u00f3 la muerte instant\u00e1nea de la mujer con un disparo en su cabeza e, hiri\u00f3 gravemente al ni\u00f1o con dos disparos.<\/p>\n<p>  El macabro hecho se sucit\u00f3 cuando Mariela llegaba a su domicilio despu\u00e9s de buscar a su hijo de la escuela. Minutos despu\u00e9s, lleg\u00f3 Lafuente en bicicleta y, tras una breve discusi\u00f3n, le dispar\u00f3 a sangre fr\u00eda y, al querer escapar del lugar, hiri\u00f3 al ni\u00f1o. Luego, el asesino se dio a la fuga en su bicicleta.<\/p>\n<p>  Los restos de Mariela Figueroa fueron sepultados este viernes por la ma\u00f1ana, tras ser velados en una funeraria c\u00e9ntrica. All\u00ed, familiares, amigos y vecinos la acompa\u00f1aron para brindarle su \u00faltimo adi\u00f3s en el cementerio local.<br \/>\n  Emerson fue trasladado este mi\u00e9rcoles en horas de la tarde al Hospital San Jos\u00e9 de Pergamino, llegando en horas de la noche. Durante la madrugada fue intervenido quir\u00fargicamente y le extrajeron una de las dos balas que ten\u00eda en su cabeza. La segunda, decidieron dejarla porque se encuentra en zona cervical, y corre riesgo de provocar un da\u00f1o mayor si se intenta extraerla. Afortunadamente, Emerson se recupera.<\/p>\n<p>  Al finalizar la marcha, en la intersecci\u00f3n de la calle Juan Ismael Gim\u00e9nez y Avenida 11 de Septiembre, los familiares, amigos y vecinos de Mariela Figueroa elevaron una plegaria para pedir por la salud de Emerson G\u00f3mez.<\/p>\n","protected":false},"excerpt":{"rendered":"<p>Este viernes por la tarde, como estaba previsto, se realiz\u00f3 la marcha por el femicidio de Mariela Figueroa, donde estuvieron presentes familiares y amigos de la v\u00edctima. Hubo gran apoyo de la ciudadan\u00eda. La convocatoria se realiz\u00f3 a trav\u00e9s de las redes sociales, se cit\u00f3 a todos los sampedrinos a concentrarse en el mirador del [&hellip;]<\/p>\n","protected":false},"author":4,"featured_media":32046,"comment_status":"open","ping_status":"closed","sticky":false,"template":"","format":"standard","meta":{"om_disable_all_campaigns":false,"_jetpack_memberships_contains_paid_content":false,"footnotes":""},"categories":[50,2,103],"tags":[],"class_list":["post-32045","post","type-post","status-publish","format-standard","has-post-thumbnail","hentry","category-destacadas","category-locales","category-policiales-locales"],"aioseo_notices":[],"gutentor_comment":0,"jetpack_featured_media_url":"https:\/\/eldiariodesanpedro.com.ar\/sitio\/wp-content\/uploads\/2018\/04\/TAPA-2.jpeg","jetpack_shortlink":"https:\/\/wp.me\/p6RhLt-8kR","jetpack_sharing_enabled":true,"_links":{"self":[{"href":"https:\/\/eldiariodesanpedro.com.ar\/sitio\/wp-json\/wp\/v2\/posts\/32045","targetHints":{"allow":["GET"]}}],"collection":[{"href":"https:\/\/eldiariodesanpedro.com.ar\/sitio\/wp-json\/wp\/v2\/posts"}],"about":[{"href":"https:\/\/eldiariodesanpedro.com.ar\/sitio\/wp-json\/wp\/v2\/types\/post"}],"author":[{"embeddable":true,"href":"https:\/\/eldiariodesanpedro.com.ar\/sitio\/wp-json\/wp\/v2\/users\/4"}],"replies":[{"embeddable":true,"href":"https:\/\/eldiariodesanpedro.com.ar\/sitio\/wp-json\/wp\/v2\/comments?post=32045"}],"version-history":[{"count":1,"href":"https:\/\/eldiariodesanpedro.com.ar\/sitio\/wp-json\/wp\/v2\/posts\/32045\/revisions"}],"predecessor-version":[{"id":32047,"href":"https:\/\/eldiariodesanpedro.com.ar\/sitio\/wp-json\/wp\/v2\/posts\/32045\/revisions\/32047"}],"wp:featuredmedia":[{"embeddable":true,"href":"https:\/\/eldiariodesanpedro.com.ar\/sitio\/wp-json\/wp\/v2\/media\/32046"}],"wp:attachment":[{"href":"https:\/\/eldiariodesanpedro.com.ar\/sitio\/wp-json\/wp\/v2\/media?parent=32045"}],"wp:term":[{"taxonomy":"category","embeddable":true,"href":"https:\/\/eldiariodesanpedro.com.ar\/sitio\/wp-json\/wp\/v2\/categories?post=32045"},{"taxonomy":"post_tag","embeddable":true,"href":"https:\/\/eldiariodesanpedro.com.ar\/sitio\/wp-json\/wp\/v2\/tags?post=32045"}],"curies":[{"name":"wp","href":"https:\/\/api.w.org\/{rel}","templated":true}]}}