{"id":3204,"date":"2016-04-15T11:15:07","date_gmt":"2016-04-15T14:15:07","guid":{"rendered":"https:\/\/eldiariodesanpedro.com.ar\/sitio\/?p=3204"},"modified":"2026-01-23T23:21:05","modified_gmt":"2026-01-24T02:21:05","slug":"macri-llego-a-parana-para-recorrer-las-zonas-afectadas-por-las-inundaciones","status":"publish","type":"post","link":"https:\/\/eldiariodesanpedro.com.ar\/sitio\/macri-llego-a-parana-para-recorrer-las-zonas-afectadas-por-las-inundaciones\/","title":{"rendered":"Macri lleg\u00f3 a Paran\u00e1 para recorrer las zonas afectadas por las inundaciones"},"content":{"rendered":"<p><!-- VideographyWP Plugin Message: Automatic video embedding prevented by plugin options. --><br \/>\n(Telam) El presidente arribo antes de las 10:30 con el prop\u00f3sito de interiorizarse de la situaci\u00f3n en la amplia zona afectada por las inundaciones, as\u00ed como escuchar a los damnificados y disponer nuevas medidas de apoyo.<br \/>\nSeg\u00fan se inform\u00f3 oficialmente, Mauricio Macri \u00abya arrib\u00f3 a Paran\u00e1 y en instantes recorrer\u00e1 las zonas inundadas\u00bb.<br \/>\nEl jefe de Estado arrib\u00f3 al aeropuerto \u201cGeneral Justo Jos\u00e9 de Urquiza\u201d de Paran\u00e1 acompa\u00f1ado por los ministros del Interior, Rogelio Figerio; de Desarrollo Social, Carolina Stanley; de Agricultura y Ganader\u00eda, Ricardo Buryaille y otros colaboradores.<br \/>\nRecibieron al mandatario el gobernador de Entre R\u00edos, Gustavo Bordet; y los intendentes de La Paz, Bruno Sarubi, y de la ciudad de Santa Fe, Jos\u00e9 Corral.<\/p>\n","protected":false},"excerpt":{"rendered":"<p>(Telam) El presidente arribo antes de las 10:30 con el prop\u00f3sito de interiorizarse de la situaci\u00f3n en la amplia zona afectada por las inundaciones, as\u00ed como escuchar a los damnificados y disponer nuevas medidas de apoyo. Seg\u00fan se inform\u00f3 oficialmente, Mauricio Macri \u00abya arrib\u00f3 a Paran\u00e1 y en instantes recorrer\u00e1 las zonas inundadas\u00bb. El jefe [&hellip;]<\/p>\n","protected":false},"author":4,"featured_media":3205,"comment_status":"open","ping_status":"closed","sticky":false,"template":"","format":"standard","meta":{"om_disable_all_campaigns":false,"_jetpack_memberships_contains_paid_content":false,"footnotes":""},"categories":[3],"tags":[543,540,170,150,541,542],"class_list":["post-3204","post","type-post","status-publish","format-standard","has-post-thumbnail","hentry","category-nacionales","tag-afectadas-por-las-inundaciones","tag-llego","tag-macri","tag-parana","tag-recorrer","tag-zonas"],"aioseo_notices":[],"gutentor_comment":0,"jetpack_featured_media_url":"https:\/\/eldiariodesanpedro.com.ar\/sitio\/wp-content\/uploads\/2016\/04\/5710f07c271c3_380x253.jpg","jetpack_shortlink":"https:\/\/wp.me\/p6RhLt-PG","jetpack_sharing_enabled":true,"_links":{"self":[{"href":"https:\/\/eldiariodesanpedro.com.ar\/sitio\/wp-json\/wp\/v2\/posts\/3204","targetHints":{"allow":["GET"]}}],"collection":[{"href":"https:\/\/eldiariodesanpedro.com.ar\/sitio\/wp-json\/wp\/v2\/posts"}],"about":[{"href":"https:\/\/eldiariodesanpedro.com.ar\/sitio\/wp-json\/wp\/v2\/types\/post"}],"author":[{"embeddable":true,"href":"https:\/\/eldiariodesanpedro.com.ar\/sitio\/wp-json\/wp\/v2\/users\/4"}],"replies":[{"embeddable":true,"href":"https:\/\/eldiariodesanpedro.com.ar\/sitio\/wp-json\/wp\/v2\/comments?post=3204"}],"version-history":[{"count":1,"href":"https:\/\/eldiariodesanpedro.com.ar\/sitio\/wp-json\/wp\/v2\/posts\/3204\/revisions"}],"predecessor-version":[{"id":3206,"href":"https:\/\/eldiariodesanpedro.com.ar\/sitio\/wp-json\/wp\/v2\/posts\/3204\/revisions\/3206"}],"wp:featuredmedia":[{"embeddable":true,"href":"https:\/\/eldiariodesanpedro.com.ar\/sitio\/wp-json\/wp\/v2\/media\/3205"}],"wp:attachment":[{"href":"https:\/\/eldiariodesanpedro.com.ar\/sitio\/wp-json\/wp\/v2\/media?parent=3204"}],"wp:term":[{"taxonomy":"category","embeddable":true,"href":"https:\/\/eldiariodesanpedro.com.ar\/sitio\/wp-json\/wp\/v2\/categories?post=3204"},{"taxonomy":"post_tag","embeddable":true,"href":"https:\/\/eldiariodesanpedro.com.ar\/sitio\/wp-json\/wp\/v2\/tags?post=3204"}],"curies":[{"name":"wp","href":"https:\/\/api.w.org\/{rel}","templated":true}]}}