{"id":32037,"date":"2018-04-20T20:17:34","date_gmt":"2018-04-20T23:17:34","guid":{"rendered":"https:\/\/eldiariodesanpedro.com.ar\/sitio\/?p=32037"},"modified":"2026-01-24T00:16:27","modified_gmt":"2026-01-24T03:16:27","slug":"nuevo-presidente-el-dr-jose-i-macchia-es-el-nuevo-titular-del-circulo-de-periodistas","status":"publish","type":"post","link":"https:\/\/eldiariodesanpedro.com.ar\/sitio\/nuevo-presidente-el-dr-jose-i-macchia-es-el-nuevo-titular-del-circulo-de-periodistas\/","title":{"rendered":"NUEVO PRESIDENTE: El Dr. Jos\u00e9 I. Macchia es el nuevo titular del C\u00edrculo de Periodistas"},"content":{"rendered":"<p><!-- VideographyWP Plugin Message: Automatic video embedding prevented by plugin options. --><br \/>\n  El C\u00edrculo de Periodistas Deportivos de San Pedro renov\u00f3 autoridades en su Asamblea General Ordinaria, la cual adem\u00e1s de aprobar memoria y balance del mandato de Jorge P\u00e9rez, renov\u00f3 su Comisi\u00f3n Directiva, periodo 2018-2020, siendo la siguiente:<\/p>\n<p>Presidente: Dr. Jos\u00e9 Macchia<br \/>\nVice-Presidente: Mart\u00edn P\u00e9rez<br \/>\nSecretario: Jorge P\u00e9rez<br \/>\nTesorero: Alejandro Arnelli<br \/>\nVocales Titulares: Qendresa Solmi, Rom\u00e1n Baca<br \/>\nVocales Suplentes: Jos\u00e9 Miguel G\u00fcidi, Emir Diamante<\/p>\n<p>Comisi\u00f3n Revisora de Cuentas, Periodo 2018-2019:<br \/>\nRevisores de Cuenta Titulares: Mat\u00edas Chaves, Juan Tirelli y Mauro P\u00e9rez<br \/>\nRevisores de Cuenta Suplentes: Roberto Ricardo, Mario Prado y H\u00e9ctor Albano<\/p>\n","protected":false},"excerpt":{"rendered":"<p>El C\u00edrculo de Periodistas Deportivos de San Pedro renov\u00f3 autoridades en su Asamblea General Ordinaria, la cual adem\u00e1s de aprobar memoria y balance del mandato de Jorge P\u00e9rez, renov\u00f3 su Comisi\u00f3n Directiva, periodo 2018-2020, siendo la siguiente: Presidente: Dr. Jos\u00e9 Macchia Vice-Presidente: Mart\u00edn P\u00e9rez Secretario: Jorge P\u00e9rez Tesorero: Alejandro Arnelli Vocales Titulares: Qendresa Solmi, Rom\u00e1n [&hellip;]<\/p>\n","protected":false},"author":4,"featured_media":32039,"comment_status":"open","ping_status":"closed","sticky":false,"template":"","format":"standard","meta":{"om_disable_all_campaigns":false,"_jetpack_memberships_contains_paid_content":false,"footnotes":""},"categories":[5],"tags":[],"class_list":["post-32037","post","type-post","status-publish","format-standard","has-post-thumbnail","hentry","category-deportes"],"aioseo_notices":[],"gutentor_comment":0,"jetpack_featured_media_url":"https:\/\/eldiariodesanpedro.com.ar\/sitio\/wp-content\/uploads\/2018\/04\/Parte-de-la-nueva-CD.jpg","jetpack_shortlink":"https:\/\/wp.me\/p6RhLt-8kJ","jetpack_sharing_enabled":true,"_links":{"self":[{"href":"https:\/\/eldiariodesanpedro.com.ar\/sitio\/wp-json\/wp\/v2\/posts\/32037","targetHints":{"allow":["GET"]}}],"collection":[{"href":"https:\/\/eldiariodesanpedro.com.ar\/sitio\/wp-json\/wp\/v2\/posts"}],"about":[{"href":"https:\/\/eldiariodesanpedro.com.ar\/sitio\/wp-json\/wp\/v2\/types\/post"}],"author":[{"embeddable":true,"href":"https:\/\/eldiariodesanpedro.com.ar\/sitio\/wp-json\/wp\/v2\/users\/4"}],"replies":[{"embeddable":true,"href":"https:\/\/eldiariodesanpedro.com.ar\/sitio\/wp-json\/wp\/v2\/comments?post=32037"}],"version-history":[{"count":1,"href":"https:\/\/eldiariodesanpedro.com.ar\/sitio\/wp-json\/wp\/v2\/posts\/32037\/revisions"}],"predecessor-version":[{"id":32042,"href":"https:\/\/eldiariodesanpedro.com.ar\/sitio\/wp-json\/wp\/v2\/posts\/32037\/revisions\/32042"}],"wp:featuredmedia":[{"embeddable":true,"href":"https:\/\/eldiariodesanpedro.com.ar\/sitio\/wp-json\/wp\/v2\/media\/32039"}],"wp:attachment":[{"href":"https:\/\/eldiariodesanpedro.com.ar\/sitio\/wp-json\/wp\/v2\/media?parent=32037"}],"wp:term":[{"taxonomy":"category","embeddable":true,"href":"https:\/\/eldiariodesanpedro.com.ar\/sitio\/wp-json\/wp\/v2\/categories?post=32037"},{"taxonomy":"post_tag","embeddable":true,"href":"https:\/\/eldiariodesanpedro.com.ar\/sitio\/wp-json\/wp\/v2\/tags?post=32037"}],"curies":[{"name":"wp","href":"https:\/\/api.w.org\/{rel}","templated":true}]}}