{"id":32032,"date":"2018-04-20T20:14:09","date_gmt":"2018-04-20T23:14:09","guid":{"rendered":"https:\/\/eldiariodesanpedro.com.ar\/sitio\/?p=32032"},"modified":"2026-01-24T00:16:27","modified_gmt":"2026-01-24T03:16:27","slug":"futbol-local-manana-tres-partidos-adelantan-la-4ta-fecha","status":"publish","type":"post","link":"https:\/\/eldiariodesanpedro.com.ar\/sitio\/futbol-local-manana-tres-partidos-adelantan-la-4ta-fecha\/","title":{"rendered":"F\u00daTBOL LOCAL: Ma\u00f1ana tres partidos adelantan la 4ta fecha"},"content":{"rendered":"<p><!-- VideographyWP Plugin Message: Automatic video embedding prevented by plugin options. --><br \/>\n  La cuarta fecha a jugarse entre hoy y ma\u00f1ana, Torneo Apertura de la URL San Pedro-Baradero, se disputa as\u00ed:<\/p>\n<p><strong>Zona A<\/strong><br \/>\nI. Portela vs Am\u00e9rica, s\u00e1bado 21 de abril. Comienza 10:30 horas (5\u00b0\/4\u00b0\/3\u00b0\/Sub 21\/1\u00b0)<br \/>\nSportivo vs Banfield, domingo 22 de abril. Comienza 12:00 horas (5\u00b0\/4\u00b0\/3\u00b0\/Sub 21\/1\u00b0)<br \/>\nLa Esperanza vs Agricultores, domingo 22 de abril. Comienza 10:00 horas (5\u00b0\/4\u00b0\/3\u00b0\/Sub 21\/1\u00b0)<br \/>\nParan\u00e1 FC vs C. C\u00f3rdoba, s\u00e1bado 21 de abril. Comienza 13:00 horas (5\u00b0\/4\u00b0\/3\u00b0\/Sub 21\/1\u00b0)<\/p>\n<p><strong>Zona B<\/strong><br \/>\nDep. Alsina vs Independencia, domingo 22 de abril. Comienza 10:00 horas (5\u00b0\/4\u00b0\/3\u00b0\/Sub 21\/1\u00b0)<br \/>\nAtl\u00e9tico vs San Roque FC, s\u00e1bado 21 de abril. Comienza 13:00 horas (5\u00b0\/4\u00b0\/3\u00b0\/Sub 21\/1\u00b0)<br \/>\nDef. Unidos vs Las Palmeras, domingo 22 de abril. Comienza 10:00 horas (5\u00b0\/4\u00b0\/3\u00b0\/Sub 21\/1\u00b0)<br \/>\nMitre vs G. S. Mart\u00edn, domingo 22 de abril. Comienza 10:00 horas (5\u00b0\/4\u00b0\/3\u00b0\/Sub 21\/1\u00b0)<br \/>\nInterzonal cl\u00e1sico B\/A<br \/>\nRivadavia vs. Fundici\u00f3n FC, domingo 22 de abril. Comienza 10:00 horas (5\u00b0\/4\u00b0\/3\u00b0\/Sub 21\/1\u00b0).<\/p>\n","protected":false},"excerpt":{"rendered":"<p>La cuarta fecha a jugarse entre hoy y ma\u00f1ana, Torneo Apertura de la URL San Pedro-Baradero, se disputa as\u00ed: Zona A I. Portela vs Am\u00e9rica, s\u00e1bado 21 de abril. Comienza 10:30 horas (5\u00b0\/4\u00b0\/3\u00b0\/Sub 21\/1\u00b0) Sportivo vs Banfield, domingo 22 de abril. Comienza 12:00 horas (5\u00b0\/4\u00b0\/3\u00b0\/Sub 21\/1\u00b0) La Esperanza vs Agricultores, domingo 22 de abril. Comienza [&hellip;]<\/p>\n","protected":false},"author":4,"featured_media":21255,"comment_status":"open","ping_status":"closed","sticky":false,"template":"","format":"standard","meta":{"om_disable_all_campaigns":false,"_jetpack_memberships_contains_paid_content":false,"footnotes":""},"categories":[5],"tags":[],"class_list":["post-32032","post","type-post","status-publish","format-standard","has-post-thumbnail","hentry","category-deportes"],"aioseo_notices":[],"gutentor_comment":0,"jetpack_featured_media_url":"https:\/\/eldiariodesanpedro.com.ar\/sitio\/wp-content\/uploads\/2017\/07\/futbol-arco.jpg","jetpack_shortlink":"https:\/\/wp.me\/p6RhLt-8kE","jetpack_sharing_enabled":true,"_links":{"self":[{"href":"https:\/\/eldiariodesanpedro.com.ar\/sitio\/wp-json\/wp\/v2\/posts\/32032","targetHints":{"allow":["GET"]}}],"collection":[{"href":"https:\/\/eldiariodesanpedro.com.ar\/sitio\/wp-json\/wp\/v2\/posts"}],"about":[{"href":"https:\/\/eldiariodesanpedro.com.ar\/sitio\/wp-json\/wp\/v2\/types\/post"}],"author":[{"embeddable":true,"href":"https:\/\/eldiariodesanpedro.com.ar\/sitio\/wp-json\/wp\/v2\/users\/4"}],"replies":[{"embeddable":true,"href":"https:\/\/eldiariodesanpedro.com.ar\/sitio\/wp-json\/wp\/v2\/comments?post=32032"}],"version-history":[{"count":1,"href":"https:\/\/eldiariodesanpedro.com.ar\/sitio\/wp-json\/wp\/v2\/posts\/32032\/revisions"}],"predecessor-version":[{"id":32036,"href":"https:\/\/eldiariodesanpedro.com.ar\/sitio\/wp-json\/wp\/v2\/posts\/32032\/revisions\/32036"}],"wp:featuredmedia":[{"embeddable":true,"href":"https:\/\/eldiariodesanpedro.com.ar\/sitio\/wp-json\/wp\/v2\/media\/21255"}],"wp:attachment":[{"href":"https:\/\/eldiariodesanpedro.com.ar\/sitio\/wp-json\/wp\/v2\/media?parent=32032"}],"wp:term":[{"taxonomy":"category","embeddable":true,"href":"https:\/\/eldiariodesanpedro.com.ar\/sitio\/wp-json\/wp\/v2\/categories?post=32032"},{"taxonomy":"post_tag","embeddable":true,"href":"https:\/\/eldiariodesanpedro.com.ar\/sitio\/wp-json\/wp\/v2\/tags?post=32032"}],"curies":[{"name":"wp","href":"https:\/\/api.w.org\/{rel}","templated":true}]}}