{"id":32030,"date":"2018-04-20T20:13:11","date_gmt":"2018-04-20T23:13:11","guid":{"rendered":"https:\/\/eldiariodesanpedro.com.ar\/sitio\/?p=32030"},"modified":"2026-01-24T00:16:27","modified_gmt":"2026-01-24T03:16:27","slug":"automovilismo-vuelve-la-familia-solmi-al-rally","status":"publish","type":"post","link":"https:\/\/eldiariodesanpedro.com.ar\/sitio\/automovilismo-vuelve-la-familia-solmi-al-rally\/","title":{"rendered":"AUTOMOVILISMO: \u00a1Vuelve la familia Solmi al rally!"},"content":{"rendered":"<p><!-- VideographyWP Plugin Message: Automatic video embedding prevented by plugin options. --><br \/>\n  Hughes, conocida como la capital provincial del Rally en la provincia de Santa Fe, vuelve a recibir al Campeonato Argentino de Rally Federal. La fecha ser\u00e1 el pr\u00f3ximo fin de semana.<\/p>\n<p>  Tras estar ausentes en la fecha inicial del torneo 2018, los representantes Sampedrinos, \u201cViti\u201dy V\u00edctor Manuel Solmi estar\u00e1n regresando a los caminos con grandes expectativas.<\/p>\n<p>  Con sede en la ciudad de General Las Heras, el equipo RGR Motorsport trabajo durante el receso de verano en las dos unidades que representan a San Pedro.<\/p>\n<p>  Las expectativas por su parte es mejorar lo realizado en la temporada pasada, por lo cual se sigue apostando al mismo grupo de trabajo, tanto abajo como arriba del auto.<\/p>\n<p>  Por su parte \u201cViti\u201d Solmi seguir\u00e1 siendo navegando por su hija Nerea y ser\u00e1 a lo largo de todo el a\u00f1o quienes lleven la corona a cada ciudad que el Campeonato visite. Esto tras ser los campeones 2017 de la divisional N3.<\/p>\n<p>  Junto a Cristian Luconi en la butaca derecha del VW Gol de la divisional N7, V\u00edctor Manuel intentar\u00e1 salir desde el inicio buscando recobrar la confianza en el auto, el cual el a\u00f1o pasado sufri\u00f3 varios problemas mec\u00e1nicos que lo dejaron al margen de la competencia.<\/p>\n<p>  Para la competencia de Hughes las expectativas por parte de V\u00edctor Manuel son grandes ya que cuenta con el plus de quien lo navegue, Cristian Luconi, es oriundo y residente de Hughes, por lo cual conoce al detalle los caminos por los cuales transite el Campeonato con m\u00e1s historia en el pa\u00eds.<\/p>\n<p>  En lo deportivo la segunda fecha de la temporada ser\u00e1 integrada por 10 pruebas especiales, una de ellas en la ciudad cabecera de Hughes, la cual cuenta con un recorrido de 11 kil\u00f3metros y una m\u00e1s en Labordeboy de 7 kil\u00f3metros cronometrados.<\/p>\n","protected":false},"excerpt":{"rendered":"<p>Hughes, conocida como la capital provincial del Rally en la provincia de Santa Fe, vuelve a recibir al Campeonato Argentino de Rally Federal. La fecha ser\u00e1 el pr\u00f3ximo fin de semana. Tras estar ausentes en la fecha inicial del torneo 2018, los representantes Sampedrinos, \u201cViti\u201dy V\u00edctor Manuel Solmi estar\u00e1n regresando a los caminos con grandes [&hellip;]<\/p>\n","protected":false},"author":4,"featured_media":23023,"comment_status":"open","ping_status":"closed","sticky":false,"template":"","format":"standard","meta":{"om_disable_all_campaigns":false,"_jetpack_memberships_contains_paid_content":false,"footnotes":""},"categories":[5],"tags":[],"class_list":["post-32030","post","type-post","status-publish","format-standard","has-post-thumbnail","hentry","category-deportes"],"aioseo_notices":[],"gutentor_comment":0,"jetpack_featured_media_url":"https:\/\/eldiariodesanpedro.com.ar\/sitio\/wp-content\/uploads\/2017\/09\/Viti-Solmi-firme-en-la-punta.jpg","jetpack_shortlink":"https:\/\/wp.me\/p6RhLt-8kC","jetpack_sharing_enabled":true,"_links":{"self":[{"href":"https:\/\/eldiariodesanpedro.com.ar\/sitio\/wp-json\/wp\/v2\/posts\/32030","targetHints":{"allow":["GET"]}}],"collection":[{"href":"https:\/\/eldiariodesanpedro.com.ar\/sitio\/wp-json\/wp\/v2\/posts"}],"about":[{"href":"https:\/\/eldiariodesanpedro.com.ar\/sitio\/wp-json\/wp\/v2\/types\/post"}],"author":[{"embeddable":true,"href":"https:\/\/eldiariodesanpedro.com.ar\/sitio\/wp-json\/wp\/v2\/users\/4"}],"replies":[{"embeddable":true,"href":"https:\/\/eldiariodesanpedro.com.ar\/sitio\/wp-json\/wp\/v2\/comments?post=32030"}],"version-history":[{"count":2,"href":"https:\/\/eldiariodesanpedro.com.ar\/sitio\/wp-json\/wp\/v2\/posts\/32030\/revisions"}],"predecessor-version":[{"id":32034,"href":"https:\/\/eldiariodesanpedro.com.ar\/sitio\/wp-json\/wp\/v2\/posts\/32030\/revisions\/32034"}],"wp:featuredmedia":[{"embeddable":true,"href":"https:\/\/eldiariodesanpedro.com.ar\/sitio\/wp-json\/wp\/v2\/media\/23023"}],"wp:attachment":[{"href":"https:\/\/eldiariodesanpedro.com.ar\/sitio\/wp-json\/wp\/v2\/media?parent=32030"}],"wp:term":[{"taxonomy":"category","embeddable":true,"href":"https:\/\/eldiariodesanpedro.com.ar\/sitio\/wp-json\/wp\/v2\/categories?post=32030"},{"taxonomy":"post_tag","embeddable":true,"href":"https:\/\/eldiariodesanpedro.com.ar\/sitio\/wp-json\/wp\/v2\/tags?post=32030"}],"curies":[{"name":"wp","href":"https:\/\/api.w.org\/{rel}","templated":true}]}}