{"id":32027,"date":"2018-04-20T20:11:04","date_gmt":"2018-04-20T23:11:04","guid":{"rendered":"https:\/\/eldiariodesanpedro.com.ar\/sitio\/?p=32027"},"modified":"2018-04-20T20:11:04","modified_gmt":"2018-04-20T23:11:04","slug":"escobar-llega-el-festival-acercarte","status":"publish","type":"post","link":"https:\/\/eldiariodesanpedro.com.ar\/sitio\/escobar-llega-el-festival-acercarte\/","title":{"rendered":"ESCOBAR: Llega el festival AcercArte"},"content":{"rendered":"<p><!-- VideographyWP Plugin Message: Automatic video embedding prevented by plugin options. --><br \/>\nEl evento, organizado por la Provincia, ser\u00e1 este s\u00e1bado y domingo en la Fiesta de la Flor, con entrada libre y gratuita. Estar\u00e1n Agust\u00edn Casanova, Dread Mar I, Graciela Borges, Juan Acosta, Hilda Lizarazu y Milo Locket, entre otros.<\/p>\n<p>  Con una propuesta interdisciplinaria que abarca desde m\u00fasica, cine y teatro hasta dibujo, charlas, talleres y juegos para toda la familia, este s\u00e1bado y domingo llegar\u00e1 a Escobar el festival provincial AcerArte, que tendr\u00e1 lugar en el predio de la Fiesta de la Flor, con entrada libre y gratuita.<\/p>\n<p>  El cierre de la primera jornada contar\u00e1 con la presencia de Agust\u00edn Casanova, ex cantante de la banda uruguaya de cumbia pop M\u00e1rama, quien hace poco inici\u00f3 su carrera solista y se presentar\u00e1 a las 20 en el escenario principal. Lo mismo ocurrir\u00e1 el domingo con Dread Mar I, que le bajar\u00e1 el tel\u00f3n al festival con un show a puro reggae.<\/p>\n<p>  En el evento, organizado por el Ministerio de Gesti\u00f3n Cultural de la provincia, tambi\u00e9n estar\u00e1n el actor y humorista Juan Acosta, con un show de stand up; el artista pl\u00e1stico Milo Lockett, con un taller de pintura para chicos; y la actriz Graciela Borges, que pondr\u00e1 en escena Entre nosotros, un espect\u00e1culo de poemas, historias y canciones.<\/p>\n<p>  AcercArte comenz\u00f3 el 7 de mayo de 2016 y ya visit\u00f3 m\u00e1s de cien ciudades. \u201cPara nosotros es un gran desaf\u00edo llevar a cabo un programa de esta magnitud, que acerca a los bonaerenses cultura de excelencia, en distintas disciplinas. La propuesta es llegar a los 135 municipios, sin distinci\u00f3n de cantidad de habitantes o color pol\u00edtico\u201d, afirm\u00f3 el ministro de Gesti\u00f3n Cultural, Alejandro G\u00f3mez.<\/p>\n<p>  Las actividades en Escobar comenzar\u00e1n a partir de las 15 y esta es la cartelera completa.<\/p>\n<p><strong>SABADO  21<\/strong><br \/>\n15:00 hs.<br \/>\nCINE 360\u00b0: Viaje salvaje a La Tierra (duraci\u00f3n: 23\u2019)<br \/>\nDANZA URBANA: Decilo rapeando<br \/>\nCINE M\u00d3VIL: Emoji: La pel\u00edcula (duraci\u00f3n: 86\u2032)<\/p>\n<p>15:15 hs.<br \/>\nARTES PL\u00c1STICAS: Milo Lockett te ense\u00f1a \u2013 Taller de pintura para ni\u00f1os a partir de 4 a\u00f1os.<\/p>\n<p>16:00<br \/>\nCINE 360\u00b0: Fronteras del universo (duraci\u00f3n: 24\u2019)<\/p>\n<p>16:30 hs.<br \/>\nINFANTILES: El universo de Lourdes<br \/>\n17:15<br \/>\nCINE 360\u00b0: Viajeros del universo (duraci\u00f3n: 24\u2019)<br \/>\nCINE M\u00d3VIL: Gilda, no me arrepiento de este amor (duraci\u00f3n: 116\u2019)<br \/>\nDe Lorena Mu\u00f1oz. Con Natalia Oreiro, Lautaro Delgado, Roly Serrano y \u00c1ngela Torres.<br \/>\nDANZA URBANA: Decilo creando<\/p>\n<p>17:45 hs.<br \/>\nBIBLIOTECA: \u00bfQu\u00e9 leen los escritores? Charla con Gabriela Cabez\u00f3n C\u00e1mara.<\/p>\n<p>18:00 hs.<br \/>\nCINE 360\u00b0: Pink Floyd \u2013 The Wall (duraci\u00f3n: 26\u2019)<\/p>\n<p>18:45 hs.<br \/>\nCINE 360\u00b0: Universo Cerati (duraci\u00f3n: 27\u2019)<br \/>\nDANZA URBANA: Decilo Show<\/p>\n<p>19:15 hs.<br \/>\nSTAND UP: Juan Acosta<\/p>\n<p>20:00 hs.<br \/>\nM\u00daSICA: Agust\u00edn Casanova en concierto<\/p>\n<p>21:30 hs.<br \/>\nTEATRO: Juan Pablo Geretto presenta \u201cSu maestra normal\u201d<\/p>\n<p><strong>DOMINGO  22<\/strong><br \/>\n15:00 hs.<br \/>\nCINE M\u00d3VIL: Capit\u00e1n Calzoncillos<br \/>\nCINE 360\u00b0: Viaje salvaje a La Tierra (duraci\u00f3n: 23\u2019)<\/p>\n<p>15:30 hs.<br \/>\nDANZA URBANA: Decilo rapeando<\/p>\n<p>15:45 hs.<br \/>\nBIBLIOTECA: Booktubers, el nuevo fen\u00f3meno juvenil de la literatura<\/p>\n<p>16:00 hs.<br \/>\nCINE 360\u00b0: Fronteras del universo (duraci\u00f3n: 24\u2019)<\/p>\n<p>16:30 hs.<br \/>\nINFANTILES: En un santiam\u00e9n: Hilda Lizarazu canta para los m\u00e1s peque\u00f1os.<\/p>\n<p>17:15 hs.<br \/>\nCINE M\u00d3VIL: Mam\u00e1 se fue de viaje (duraci\u00f3n: 99\u2019)<br \/>\nDe Ariel Winograd. Con Diego Peretti, Mart\u00edn Piroyansky, Carla Peterson, Muriel Santa Ana, Pilar Gamboa y Agustina Cabo.<br \/>\nCINE 360\u00b0: Viajeros del universo (duraci\u00f3n: 24\u2019)<br \/>\nDANZA URBANA: Decilo creando<\/p>\n<p>17:45 hs.<br \/>\nBIBLIOTECA: \u00bfQu\u00e9 leen los escritores? Charla con Florencia Canale.<\/p>\n<p>18:00 hs.<br \/>\nCINE 360\u00b0: Pink Floyd \u2013 The Wall (duraci\u00f3n: 26\u2019)<\/p>\n<p>18:45 hs.<br \/>\nCINE 360\u00b0: Universo Cerati (duraci\u00f3n: 27\u2019)<br \/>\nDANZA URBANA: Decilo Show<\/p>\n<p>19:15 hs.<br \/>\nSTAND UP: Re\u00edd Mortales Comedy Band<\/p>\n<p>20:00 hs.<br \/>\nM\u00daSICA: Dread Mar I en concierto<\/p>\n<p>21:30 hs.<br \/>\nTEATRO: \u201cEntre nosotros\u201d, con Graciela Borges.<\/p>\n","protected":false},"excerpt":{"rendered":"<p>El evento, organizado por la Provincia, ser\u00e1 este s\u00e1bado y domingo en la Fiesta de la Flor, con entrada libre y gratuita. Estar\u00e1n Agust\u00edn Casanova, Dread Mar I, Graciela Borges, Juan Acosta, Hilda Lizarazu y Milo Locket, entre otros. Con una propuesta interdisciplinaria que abarca desde m\u00fasica, cine y teatro hasta dibujo, charlas, talleres y [&hellip;]<\/p>\n","protected":false},"author":4,"featured_media":32029,"comment_status":"open","ping_status":"closed","sticky":false,"template":"","format":"standard","meta":{"om_disable_all_campaigns":false,"_jetpack_memberships_contains_paid_content":false,"footnotes":""},"categories":[621],"tags":[],"class_list":["post-32027","post","type-post","status-publish","format-standard","has-post-thumbnail","hentry","category-regionales"],"aioseo_notices":[],"gutentor_comment":0,"jetpack_featured_media_url":"https:\/\/eldiariodesanpedro.com.ar\/sitio\/wp-content\/uploads\/2018\/04\/escobar-Llega-el-festival-AcercArte.jpg","jetpack_shortlink":"https:\/\/wp.me\/p6RhLt-8kz","jetpack_sharing_enabled":true,"_links":{"self":[{"href":"https:\/\/eldiariodesanpedro.com.ar\/sitio\/wp-json\/wp\/v2\/posts\/32027","targetHints":{"allow":["GET"]}}],"collection":[{"href":"https:\/\/eldiariodesanpedro.com.ar\/sitio\/wp-json\/wp\/v2\/posts"}],"about":[{"href":"https:\/\/eldiariodesanpedro.com.ar\/sitio\/wp-json\/wp\/v2\/types\/post"}],"author":[{"embeddable":true,"href":"https:\/\/eldiariodesanpedro.com.ar\/sitio\/wp-json\/wp\/v2\/users\/4"}],"replies":[{"embeddable":true,"href":"https:\/\/eldiariodesanpedro.com.ar\/sitio\/wp-json\/wp\/v2\/comments?post=32027"}],"version-history":[{"count":1,"href":"https:\/\/eldiariodesanpedro.com.ar\/sitio\/wp-json\/wp\/v2\/posts\/32027\/revisions"}],"predecessor-version":[{"id":32031,"href":"https:\/\/eldiariodesanpedro.com.ar\/sitio\/wp-json\/wp\/v2\/posts\/32027\/revisions\/32031"}],"wp:featuredmedia":[{"embeddable":true,"href":"https:\/\/eldiariodesanpedro.com.ar\/sitio\/wp-json\/wp\/v2\/media\/32029"}],"wp:attachment":[{"href":"https:\/\/eldiariodesanpedro.com.ar\/sitio\/wp-json\/wp\/v2\/media?parent=32027"}],"wp:term":[{"taxonomy":"category","embeddable":true,"href":"https:\/\/eldiariodesanpedro.com.ar\/sitio\/wp-json\/wp\/v2\/categories?post=32027"},{"taxonomy":"post_tag","embeddable":true,"href":"https:\/\/eldiariodesanpedro.com.ar\/sitio\/wp-json\/wp\/v2\/tags?post=32027"}],"curies":[{"name":"wp","href":"https:\/\/api.w.org\/{rel}","templated":true}]}}