{"id":32024,"date":"2018-04-20T20:09:32","date_gmt":"2018-04-20T23:09:32","guid":{"rendered":"https:\/\/eldiariodesanpedro.com.ar\/sitio\/?p=32024"},"modified":"2018-04-20T20:09:32","modified_gmt":"2018-04-20T23:09:32","slug":"se-firmo-el-acuerdo-para-que-el-tc-corra-en-el-autodromo","status":"publish","type":"post","link":"https:\/\/eldiariodesanpedro.com.ar\/sitio\/se-firmo-el-acuerdo-para-que-el-tc-corra-en-el-autodromo\/","title":{"rendered":"Se firm\u00f3 el acuerdo para que el TC corra en el Aut\u00f3dromo"},"content":{"rendered":"<p><!-- VideographyWP Plugin Message: Automatic video embedding prevented by plugin options. --><br \/>\nEn la sede de la Asociaci\u00f3n de Corredores de Turismo Carretera (ACTC), se firm\u00f3 el acuerdo que define que el pr\u00f3ximo 9 de diciembre se correr\u00e1 en el Aut\u00f3dromo de San Nicol\u00e1s el Gran Premio Coronaci\u00f3n, la carrera m\u00e1s convocante del automovilismo argentino.<\/p>\n<p>  En un clima de mucho entusiasmo, el Intendente de San Nicol\u00e1s, Manuel Passaglia, junto con Hugo Mazzacane, presidente de la ACTC y el secretario general Rub\u00e9n Gil Bicella, sellaron el acuerdo que llevar\u00e1 despu\u00e9s de muchos a\u00f1os, la \u00faltima fecha del TC al interior del pa\u00eds.<\/p>\n<p>  Las caracter\u00edsticas del nuevo aut\u00f3dromo de San Nicol\u00e1s y el nivel de la obra generan grandes expectativas tanto para la ACTC como para el Municipio de San Nicol\u00e1s que se prepara para recibir una cantidad r\u00e9cord de visitantes, que se estiman por encima de los 60.000 espectadores.<\/p>\n<p>  Este importante acuerdo que corona el a\u00f1o de su inauguraci\u00f3n trae para el Aut\u00f3dromo tambi\u00e9n compromisos para el 2019.  Si bien ya hay otras sedes confirmadas, San Nicol\u00e1s es la primera en haber firmado oficialmente para la pr\u00f3xima temporada.<\/p>\n<p>  Ante las expectativas que genera el nuevo Aut\u00f3dromo, medios nacionales como Ol\u00e9, Campeones y Carburando que estuvieron presentes en la sede de la ACTC, prometieron recorrer el predio antes de su inauguraci\u00f3n.<\/p>\n<p>  El Aut\u00f3dromo de San Nicol\u00e1s ya se lanz\u00f3 como sede destacada del automovilismo argentino. A partir de ahora comienza la cuenta regresiva para la gran inauguraci\u00f3n que ser\u00e1 el pr\u00f3ximo 6 y 7 de octubre cuando estrene su circuito el S\u00faper TC 2000.<\/p>\n<p>  El Intendente Manuel Passaglia afirm\u00f3 que \u201chay un antes y un despu\u00e9s de la construcci\u00f3n del Predio Ferial y Aut\u00f3dromo para la ciudad, no solo por la magnitud de los eventos que el nicole\u00f1o puede disfrutar all\u00ed, sino por el impacto econ\u00f3mico que significa desde lo tur\u00edstico y comercial tener nuevamente los hoteles, restaurantes y comercios llenos\u201d.<\/p>\n<p>Fuente: Diario El Norte<\/p>\n","protected":false},"excerpt":{"rendered":"<p>En la sede de la Asociaci\u00f3n de Corredores de Turismo Carretera (ACTC), se firm\u00f3 el acuerdo que define que el pr\u00f3ximo 9 de diciembre se correr\u00e1 en el Aut\u00f3dromo de San Nicol\u00e1s el Gran Premio Coronaci\u00f3n, la carrera m\u00e1s convocante del automovilismo argentino. En un clima de mucho entusiasmo, el Intendente de San Nicol\u00e1s, Manuel [&hellip;]<\/p>\n","protected":false},"author":4,"featured_media":32025,"comment_status":"open","ping_status":"closed","sticky":false,"template":"","format":"standard","meta":{"om_disable_all_campaigns":false,"_jetpack_memberships_contains_paid_content":false,"footnotes":""},"categories":[621],"tags":[],"class_list":["post-32024","post","type-post","status-publish","format-standard","has-post-thumbnail","hentry","category-regionales"],"aioseo_notices":[],"gutentor_comment":0,"jetpack_featured_media_url":"https:\/\/eldiariodesanpedro.com.ar\/sitio\/wp-content\/uploads\/2018\/04\/Manuel-Passaglia-junto-con-Hugo-Mazzacane.jpg","jetpack_shortlink":"https:\/\/wp.me\/p6RhLt-8kw","jetpack_sharing_enabled":true,"_links":{"self":[{"href":"https:\/\/eldiariodesanpedro.com.ar\/sitio\/wp-json\/wp\/v2\/posts\/32024","targetHints":{"allow":["GET"]}}],"collection":[{"href":"https:\/\/eldiariodesanpedro.com.ar\/sitio\/wp-json\/wp\/v2\/posts"}],"about":[{"href":"https:\/\/eldiariodesanpedro.com.ar\/sitio\/wp-json\/wp\/v2\/types\/post"}],"author":[{"embeddable":true,"href":"https:\/\/eldiariodesanpedro.com.ar\/sitio\/wp-json\/wp\/v2\/users\/4"}],"replies":[{"embeddable":true,"href":"https:\/\/eldiariodesanpedro.com.ar\/sitio\/wp-json\/wp\/v2\/comments?post=32024"}],"version-history":[{"count":1,"href":"https:\/\/eldiariodesanpedro.com.ar\/sitio\/wp-json\/wp\/v2\/posts\/32024\/revisions"}],"predecessor-version":[{"id":32028,"href":"https:\/\/eldiariodesanpedro.com.ar\/sitio\/wp-json\/wp\/v2\/posts\/32024\/revisions\/32028"}],"wp:featuredmedia":[{"embeddable":true,"href":"https:\/\/eldiariodesanpedro.com.ar\/sitio\/wp-json\/wp\/v2\/media\/32025"}],"wp:attachment":[{"href":"https:\/\/eldiariodesanpedro.com.ar\/sitio\/wp-json\/wp\/v2\/media?parent=32024"}],"wp:term":[{"taxonomy":"category","embeddable":true,"href":"https:\/\/eldiariodesanpedro.com.ar\/sitio\/wp-json\/wp\/v2\/categories?post=32024"},{"taxonomy":"post_tag","embeddable":true,"href":"https:\/\/eldiariodesanpedro.com.ar\/sitio\/wp-json\/wp\/v2\/tags?post=32024"}],"curies":[{"name":"wp","href":"https:\/\/api.w.org\/{rel}","templated":true}]}}