{"id":32020,"date":"2018-04-20T20:05:51","date_gmt":"2018-04-20T23:05:51","guid":{"rendered":"https:\/\/eldiariodesanpedro.com.ar\/sitio\/?p=32020"},"modified":"2018-04-20T20:05:51","modified_gmt":"2018-04-20T23:05:51","slug":"zarate-veteranos-de-guerra-zaratenos-recorren-las-islas-malvinas","status":"publish","type":"post","link":"https:\/\/eldiariodesanpedro.com.ar\/sitio\/zarate-veteranos-de-guerra-zaratenos-recorren-las-islas-malvinas\/","title":{"rendered":"Z\u00c1RATE: Veteranos de guerra zarate\u00f1os recorren las Islas Malvinas"},"content":{"rendered":"<p><!-- VideographyWP Plugin Message: Automatic video embedding prevented by plugin options. --><br \/>\nDespu\u00e9s de estar dos d\u00edas varados en R\u00edo Gallegos, los veteranos de guerra llegaron el martes a las Islas Malvinas y comenzaron a realizar las excursiones acordadas.<\/p>\n<p>  En las primeras horas en tierras isle\u00f1as, Pedro Eduardo G\u00f3mez, Ram\u00f3n H\u00e9ctor Nosiglia, Juan Carlos Centuri\u00f3n, \u00c1lvaro Melo Cepedo y An\u00edbal Julio Ar\u00e1oz visitaron el Cementerio de Darwin y pudieron rendir homenaje a sus compa\u00f1eros enterrados en el lugar.<\/p>\n<p>  Tambi\u00e9n pudieron visitar la bah\u00eda San Carlos y el pueblo Goose Green, escenario de algunas de las batallas m\u00e1s importantes de la guerra.<\/p>\n<p>  Los veteranos emprender\u00e1n el regreso el pr\u00f3ximo s\u00e1bado y a pesar de haber llegado con dos d\u00edas de atraso al lugar, tendr\u00e1n tiempo de realizar todas las excursiones programadas y de visitar todos los lugares previstos inicialmente.<\/p>\n<p>  El gobierno local decidi\u00f3 que, tal como se realiz\u00f3 el a\u00f1o pasado, viajen cinco ex combatientes de la ciudad para recorrer algunos lugares donde se desarroll\u00f3 la Guerra en las Islas en 1982 y visitar el Cementerio de Darwin donde descansan los restos de 237 h\u00e9roes.<\/p>\n<p>  Los costos del viaje son asumidos en su totalidad por el Municipio y en esta oportunidad est\u00e1n siendo acompa\u00f1ados por el Subsecretario de Infraestructura N\u00e9stor Garc\u00eda.<\/p>\n<p>Fuente: Enlace Cr\u00edtico<\/p>\n","protected":false},"excerpt":{"rendered":"<p>Despu\u00e9s de estar dos d\u00edas varados en R\u00edo Gallegos, los veteranos de guerra llegaron el martes a las Islas Malvinas y comenzaron a realizar las excursiones acordadas. En las primeras horas en tierras isle\u00f1as, Pedro Eduardo G\u00f3mez, Ram\u00f3n H\u00e9ctor Nosiglia, Juan Carlos Centuri\u00f3n, \u00c1lvaro Melo Cepedo y An\u00edbal Julio Ar\u00e1oz visitaron el Cementerio de Darwin [&hellip;]<\/p>\n","protected":false},"author":4,"featured_media":32021,"comment_status":"open","ping_status":"closed","sticky":false,"template":"","format":"standard","meta":{"om_disable_all_campaigns":false,"_jetpack_memberships_contains_paid_content":false,"footnotes":""},"categories":[621],"tags":[],"class_list":["post-32020","post","type-post","status-publish","format-standard","has-post-thumbnail","hentry","category-regionales"],"aioseo_notices":[],"gutentor_comment":0,"jetpack_featured_media_url":"https:\/\/eldiariodesanpedro.com.ar\/sitio\/wp-content\/uploads\/2018\/04\/Veteranos-de-guerra-zarate\u00f1os-recorren-las-Islas-Malvinas.jpeg","jetpack_shortlink":"https:\/\/wp.me\/p6RhLt-8ks","jetpack_sharing_enabled":true,"_links":{"self":[{"href":"https:\/\/eldiariodesanpedro.com.ar\/sitio\/wp-json\/wp\/v2\/posts\/32020","targetHints":{"allow":["GET"]}}],"collection":[{"href":"https:\/\/eldiariodesanpedro.com.ar\/sitio\/wp-json\/wp\/v2\/posts"}],"about":[{"href":"https:\/\/eldiariodesanpedro.com.ar\/sitio\/wp-json\/wp\/v2\/types\/post"}],"author":[{"embeddable":true,"href":"https:\/\/eldiariodesanpedro.com.ar\/sitio\/wp-json\/wp\/v2\/users\/4"}],"replies":[{"embeddable":true,"href":"https:\/\/eldiariodesanpedro.com.ar\/sitio\/wp-json\/wp\/v2\/comments?post=32020"}],"version-history":[{"count":1,"href":"https:\/\/eldiariodesanpedro.com.ar\/sitio\/wp-json\/wp\/v2\/posts\/32020\/revisions"}],"predecessor-version":[{"id":32023,"href":"https:\/\/eldiariodesanpedro.com.ar\/sitio\/wp-json\/wp\/v2\/posts\/32020\/revisions\/32023"}],"wp:featuredmedia":[{"embeddable":true,"href":"https:\/\/eldiariodesanpedro.com.ar\/sitio\/wp-json\/wp\/v2\/media\/32021"}],"wp:attachment":[{"href":"https:\/\/eldiariodesanpedro.com.ar\/sitio\/wp-json\/wp\/v2\/media?parent=32020"}],"wp:term":[{"taxonomy":"category","embeddable":true,"href":"https:\/\/eldiariodesanpedro.com.ar\/sitio\/wp-json\/wp\/v2\/categories?post=32020"},{"taxonomy":"post_tag","embeddable":true,"href":"https:\/\/eldiariodesanpedro.com.ar\/sitio\/wp-json\/wp\/v2\/tags?post=32020"}],"curies":[{"name":"wp","href":"https:\/\/api.w.org\/{rel}","templated":true}]}}