{"id":32018,"date":"2018-04-20T20:05:42","date_gmt":"2018-04-20T23:05:42","guid":{"rendered":"https:\/\/eldiariodesanpedro.com.ar\/sitio\/?p=32018"},"modified":"2018-04-20T20:05:42","modified_gmt":"2018-04-20T23:05:42","slug":"san-nicolas-la-marcha-de-velas-tuvo-una-importante-adhesion","status":"publish","type":"post","link":"https:\/\/eldiariodesanpedro.com.ar\/sitio\/san-nicolas-la-marcha-de-velas-tuvo-una-importante-adhesion\/","title":{"rendered":"SAN NICOL\u00c1S: La \u201cMarcha de velas\u201d tuvo una importante adhesi\u00f3n"},"content":{"rendered":"<p><!-- VideographyWP Plugin Message: Automatic video embedding prevented by plugin options. --><br \/>\nUnas 600 personas participaron de la \u201cMarcha de velas\u201d, organizada para rechazar los constantes \u2018tarifazos\u2019 que aplica el Gobierno en los servicios p\u00fablicos, cuando los sueldos permanecen estancados y todo aumenta en consecuencia. Mucha gente destac\u00f3 que era imposible vivir con semejante presi\u00f3n impositiva.<\/p>\n<p>  La convocatoria a participar de la \u201cMarcha de velas\u201d llam\u00f3 a concentrar desde las 18.30 hs. en la plaza Mitre, espec\u00edficamente en la esquina de Mitre y Sarmiento.<\/p>\n<p>  Fue una concentraci\u00f3n tranquila, de la que participaron sectores pol\u00edticos, sindicales y vecinos en general, disgustados con los continuos aumentos tarifarios en los servicios p\u00fablicos, los combustibles y los precios de alimentos y medicamentos, consecuentes con los ajustes.<\/p>\n<p>  Un rato despu\u00e9s, al son de los tambores, un grupo de \u201corganizadores\u201d, con una pancarta que dec\u00eda \u201cJuntos contra el tarifazo\u201d, encabezaron la \u201cMarcha de velas\u201d que camin\u00f3 por Sarmiento rumbo a De la Naci\u00f3n. Estaba formada por unas trescientas personas, pero a medida que avanzaba iba sumando vecinos, muchos con velas ubicadas dentro de medias botellas de pl\u00e1stico para que no se apagaran y no quemarse las manos.<\/p>\n<p>  Mientras la columna avanzaba por calle Naci\u00f3n, se pod\u00eda observar que se engrosaba y volv\u00eda multitudinaria. Hasta que al llegar a la esquina del Teatro Municipal se pod\u00eda calcular que unas 600 personas poblaban la Marcha.<br \/>\nNo hubo problemas de seguridad, s\u00ed varios patrulleros de custodia y cuatriciclos de la Polic\u00eda Local iban abriendo camino al frente de la marcha, incluso pudo verse al titular de la Comisar\u00eda Primera, Subcomisario Storch, caminando cerca y dando instrucciones.<\/p>\n<p> Los ciudadanos con sus velas en la mano doblaron en la esquina del Teatro por Maip\u00fa hacia Mitre, mientras entonaban c\u00e1nticos en contra del \u201ctarifazo\u201d, siempre en paz y tranquilidad.<\/p>\n<p>  Ya sobre calle Mitre y antes de arribar a San Mart\u00edn comenz\u00f3 la entonaci\u00f3n del Himno Nacional, mientras se armaba alg\u00fan inconveniente de tr\u00e1nsito por algunos autos que quedaron demorados y luego fueron desviados hacia 9 de Julio, para evitar mayores inconvenientes.<\/p>\n<p>  La caminata concluy\u00f3 pac\u00edficamente en el lugar de origen, la plaza Mitre, donde se dio la desconcentraci\u00f3n.<\/p>\n<p>Fuente: Diario El Norte<\/p>\n","protected":false},"excerpt":{"rendered":"<p>Unas 600 personas participaron de la \u201cMarcha de velas\u201d, organizada para rechazar los constantes \u2018tarifazos\u2019 que aplica el Gobierno en los servicios p\u00fablicos, cuando los sueldos permanecen estancados y todo aumenta en consecuencia. Mucha gente destac\u00f3 que era imposible vivir con semejante presi\u00f3n impositiva. La convocatoria a participar de la \u201cMarcha de velas\u201d llam\u00f3 a [&hellip;]<\/p>\n","protected":false},"author":4,"featured_media":32019,"comment_status":"open","ping_status":"closed","sticky":false,"template":"","format":"standard","meta":{"om_disable_all_campaigns":false,"_jetpack_memberships_contains_paid_content":false,"footnotes":""},"categories":[621],"tags":[],"class_list":["post-32018","post","type-post","status-publish","format-standard","has-post-thumbnail","hentry","category-regionales"],"aioseo_notices":[],"gutentor_comment":0,"jetpack_featured_media_url":"https:\/\/eldiariodesanpedro.com.ar\/sitio\/wp-content\/uploads\/2018\/04\/san-nicolas-marcha-de-las-velas.jpg","jetpack_shortlink":"https:\/\/wp.me\/p6RhLt-8kq","jetpack_sharing_enabled":true,"_links":{"self":[{"href":"https:\/\/eldiariodesanpedro.com.ar\/sitio\/wp-json\/wp\/v2\/posts\/32018","targetHints":{"allow":["GET"]}}],"collection":[{"href":"https:\/\/eldiariodesanpedro.com.ar\/sitio\/wp-json\/wp\/v2\/posts"}],"about":[{"href":"https:\/\/eldiariodesanpedro.com.ar\/sitio\/wp-json\/wp\/v2\/types\/post"}],"author":[{"embeddable":true,"href":"https:\/\/eldiariodesanpedro.com.ar\/sitio\/wp-json\/wp\/v2\/users\/4"}],"replies":[{"embeddable":true,"href":"https:\/\/eldiariodesanpedro.com.ar\/sitio\/wp-json\/wp\/v2\/comments?post=32018"}],"version-history":[{"count":1,"href":"https:\/\/eldiariodesanpedro.com.ar\/sitio\/wp-json\/wp\/v2\/posts\/32018\/revisions"}],"predecessor-version":[{"id":32022,"href":"https:\/\/eldiariodesanpedro.com.ar\/sitio\/wp-json\/wp\/v2\/posts\/32018\/revisions\/32022"}],"wp:featuredmedia":[{"embeddable":true,"href":"https:\/\/eldiariodesanpedro.com.ar\/sitio\/wp-json\/wp\/v2\/media\/32019"}],"wp:attachment":[{"href":"https:\/\/eldiariodesanpedro.com.ar\/sitio\/wp-json\/wp\/v2\/media?parent=32018"}],"wp:term":[{"taxonomy":"category","embeddable":true,"href":"https:\/\/eldiariodesanpedro.com.ar\/sitio\/wp-json\/wp\/v2\/categories?post=32018"},{"taxonomy":"post_tag","embeddable":true,"href":"https:\/\/eldiariodesanpedro.com.ar\/sitio\/wp-json\/wp\/v2\/tags?post=32018"}],"curies":[{"name":"wp","href":"https:\/\/api.w.org\/{rel}","templated":true}]}}