{"id":32014,"date":"2018-04-20T20:01:44","date_gmt":"2018-04-20T23:01:44","guid":{"rendered":"https:\/\/eldiariodesanpedro.com.ar\/sitio\/?p=32014"},"modified":"2018-04-20T20:01:44","modified_gmt":"2018-04-20T23:01:44","slug":"bomberos-voluntarios-renovo-su-consejo-directivo","status":"publish","type":"post","link":"https:\/\/eldiariodesanpedro.com.ar\/sitio\/bomberos-voluntarios-renovo-su-consejo-directivo\/","title":{"rendered":"Bomberos Voluntarios renov\u00f3 su Consejo Directivo"},"content":{"rendered":"<p><!-- VideographyWP Plugin Message: Automatic video embedding prevented by plugin options. --><br \/>\nEn la \u00faltima reuni\u00f3n de la entidad qued\u00f3 establecida la asunci\u00f3n de Mauro Rasio como nuevo presidente del Consejo Directivo. Se anunci\u00f3 que pr\u00f3ximamente llegar\u00e1 un hidroelevador.<\/p>\n<p>  Con el ejercicio 2017 aprobado y varios proyectos concretados y varios por desarrollar Bomberos Voluntarios renov\u00f3 las autoridades de su Consejo Directivo.<\/p>\n<p>  El nuevo presidente, Mauro Rasio, y el vicepresidente, Comandante Mayor en reserva, Marcelo Duarte, visitaron los estudios de FM G\u00e9nesis para hacer un repaso a lo logrado por la gesti\u00f3n anterior y todo lo que puede llegar en esta nueva etapa.<\/p>\n<p>  \u201cA nivel institucional el cuerpo activo tiene un \u00e1rea espec\u00edfica de capacitaci\u00f3n donde hay un programa anual y el instructor desarrolla tareas te\u00f3ricas y pr\u00e1ctica. A la vez, nosotros, como instituci\u00f3n, estamos federados, tambi\u00e9n tenemos capacitaci\u00f3n a nivel federativo con las brigadas y estamos representados a nivel nacional a trav\u00e9s del Consejo Nacional\u201d, cont\u00f3 el ex presidente Marcelo Duarte.<\/p>\n<p>  \u201cSan Pedro tiene dos representantes que participan activamente, Alejandro Astorga en la parte de rescate acu\u00e1tico y Edgardo Epelde que participa en incendios forestales\u201d.<\/p>\n<p>  \u201cNosotros administramos la instituci\u00f3n, que es el grupo de personas que se encarga de hacer todas las gestiones necesarias, funcionamos con varios recursos\u201d.<\/p>\n<p>  \u201cEste consejo es un grupo de trabajo que nos hemos divididos tareas y nos encargamos de muchas obras. Hemos ido cumpliendo nuestro objetivo y el balance es positivo\u201d, destac\u00f3 Duarte.<\/p>\n<p>  \u201cEl programa anual de capacitaci\u00f3n ya arranc\u00f3, lo mismo que a nivel federativo. En cuanto a mejoras vamos a arrancar esta flamante gesti\u00f3n con un nuevo cami\u00f3n cisterna, esa es nuestra prioridad. En cuanto a equipamiento, ya se compraron todos los equipos estructurales nuevos para los bomberos, son unos 75 equipos en total\u201d, explic\u00f3 Duarte.<\/p>\n<p>  Por su parte, el nuevo Presidente expres\u00f3: \u201cTenemos que ir concluyendo con algunas obras que se iniciaron y est\u00e1n en su \u00faltima etapa. Despu\u00e9s lo que el cuerpo activa demande tenemos que cumplirle\u201d, dijo Mauro Rasio.<\/p>\n<p>  Sobre la llegada de una nueva unidad destac\u00f3: \u201cEl hidroelevador es un cami\u00f3n con una pluma con un alcance de 25 metros de altura, similar al que tiene la Coopser, pero con otras caracter\u00edsticas, con un canasto donde entran hasta 4 personas. Lo que nos permitir\u00e1 evacuar m\u00e1s gente a la vez\u201d.<\/p>\n<p>  \u201cCuando nos donaron la escalera de Canad\u00e1 nos dinos cuenta que ten\u00edamos edificios mucho m\u00e1s altos y comenzamos a pensar en algo de mayor extensi\u00f3n. Antes se llegaba a un cuarto piso, ahora a un octavo\u201d.<\/p>\n<p>\u201cLo m\u00e1s importante en cuanto a recaudaci\u00f3n sigue siendo la rifa. Es para destacar porque la gente piensa que nos deja dos pesos y no es as\u00ed\u201d, asegur\u00f3 Rasio.<\/p>\n<p>  \u201cAl personal le hemos prometido mejorar los sanitarios y terminar de definir qu\u00e9 vamos a hacer en los 600 metros cuadrados que tenemos del galp\u00f3n nuevo, donde la idea es que sea el nuevo cuartel y sin van a ser suficientes esos metros o habr\u00e1 que empezar a darle cierre a todo el lugar\u201d, afirm\u00f3 Rasio.<\/p>\n<p><strong>Consejo Directivo de la Asociaci\u00f3n de Bomberos Voluntarios<\/strong><\/p>\n<p>Presidente: Mauro Rasio<br \/>\nVicepresidente: Marcelo Duarte<br \/>\nSecretario General: Julio Ghirardi<br \/>\nSecretaria de actas: Mar\u00eda Vachino<br \/>\nSecretaria de finanzas: Stella Soler<br \/>\nSecretario de recaudaci\u00f3n: Daniel Vicens<br \/>\nConsejeros titulares<br \/>\nJorge Noguera<br \/>\nM\u00f3nica Epelde<br \/>\nConsejeros suplentes<br \/>\nGuillermo L\u00f3pez<br \/>\nVicente Colazo<br \/>\nEduardo Dlapa<br \/>\nRevisores de Cuentas titulares<br \/>\nLorena Maes<br \/>\nMarta Costa<br \/>\nFabio Giovanettoni<br \/>\nRevisores de Cuentas suplentes<br \/>\nServando D\u00edaz<br \/>\nFernando Bennazar<\/p>\n<p>Fuente: San Pedro Informa<\/p>\n","protected":false},"excerpt":{"rendered":"<p>En la \u00faltima reuni\u00f3n de la entidad qued\u00f3 establecida la asunci\u00f3n de Mauro Rasio como nuevo presidente del Consejo Directivo. Se anunci\u00f3 que pr\u00f3ximamente llegar\u00e1 un hidroelevador. Con el ejercicio 2017 aprobado y varios proyectos concretados y varios por desarrollar Bomberos Voluntarios renov\u00f3 las autoridades de su Consejo Directivo. El nuevo presidente, Mauro Rasio, y [&hellip;]<\/p>\n","protected":false},"author":4,"featured_media":32016,"comment_status":"open","ping_status":"closed","sticky":false,"template":"","format":"standard","meta":{"om_disable_all_campaigns":false,"_jetpack_memberships_contains_paid_content":false,"footnotes":""},"categories":[101,2],"tags":[],"class_list":["post-32014","post","type-post","status-publish","format-standard","has-post-thumbnail","hentry","category-interes-general-locales","category-locales"],"aioseo_notices":[],"gutentor_comment":0,"jetpack_featured_media_url":"https:\/\/eldiariodesanpedro.com.ar\/sitio\/wp-content\/uploads\/2018\/04\/Bomberos-Voluntarios-renov\u00f3-su-Consejo-Directivo.jpg","jetpack_shortlink":"https:\/\/wp.me\/p6RhLt-8km","jetpack_sharing_enabled":true,"_links":{"self":[{"href":"https:\/\/eldiariodesanpedro.com.ar\/sitio\/wp-json\/wp\/v2\/posts\/32014","targetHints":{"allow":["GET"]}}],"collection":[{"href":"https:\/\/eldiariodesanpedro.com.ar\/sitio\/wp-json\/wp\/v2\/posts"}],"about":[{"href":"https:\/\/eldiariodesanpedro.com.ar\/sitio\/wp-json\/wp\/v2\/types\/post"}],"author":[{"embeddable":true,"href":"https:\/\/eldiariodesanpedro.com.ar\/sitio\/wp-json\/wp\/v2\/users\/4"}],"replies":[{"embeddable":true,"href":"https:\/\/eldiariodesanpedro.com.ar\/sitio\/wp-json\/wp\/v2\/comments?post=32014"}],"version-history":[{"count":1,"href":"https:\/\/eldiariodesanpedro.com.ar\/sitio\/wp-json\/wp\/v2\/posts\/32014\/revisions"}],"predecessor-version":[{"id":32017,"href":"https:\/\/eldiariodesanpedro.com.ar\/sitio\/wp-json\/wp\/v2\/posts\/32014\/revisions\/32017"}],"wp:featuredmedia":[{"embeddable":true,"href":"https:\/\/eldiariodesanpedro.com.ar\/sitio\/wp-json\/wp\/v2\/media\/32016"}],"wp:attachment":[{"href":"https:\/\/eldiariodesanpedro.com.ar\/sitio\/wp-json\/wp\/v2\/media?parent=32014"}],"wp:term":[{"taxonomy":"category","embeddable":true,"href":"https:\/\/eldiariodesanpedro.com.ar\/sitio\/wp-json\/wp\/v2\/categories?post=32014"},{"taxonomy":"post_tag","embeddable":true,"href":"https:\/\/eldiariodesanpedro.com.ar\/sitio\/wp-json\/wp\/v2\/tags?post=32014"}],"curies":[{"name":"wp","href":"https:\/\/api.w.org\/{rel}","templated":true}]}}