{"id":32012,"date":"2018-04-20T19:59:41","date_gmt":"2018-04-20T22:59:41","guid":{"rendered":"https:\/\/eldiariodesanpedro.com.ar\/sitio\/?p=32012"},"modified":"2018-04-20T19:59:41","modified_gmt":"2018-04-20T22:59:41","slug":"visita-de-autoridades-de-los-pueblos-originarios-al-honorable-concejo-deliberante","status":"publish","type":"post","link":"https:\/\/eldiariodesanpedro.com.ar\/sitio\/visita-de-autoridades-de-los-pueblos-originarios-al-honorable-concejo-deliberante\/","title":{"rendered":"Visita de autoridades de los Pueblos Originarios al Honorable Concejo Deliberante"},"content":{"rendered":"<p><!-- VideographyWP Plugin Message: Automatic video embedding prevented by plugin options. --><br \/>\n  Ayer por la ma\u00f1ana en el marco del d\u00eda internacional del Ind\u00edgena Americano se reunieron en el Honorable Concejo de Deliberante el Secretario de Coordinaci\u00f3n Ram\u00f3n Salazar, la Presidente del HCD M\u00f3nica Otero y el Concejal Iv\u00e1n Paz con los representantes de los Pueblos Originarios, Pascuala Carrizo Guakinchay de la Comunidad Huarpes de San Luis, junto a Miguel Calder\u00f3n de los Pueblos Originarios Comechingones de C\u00f3rdoba, y Clara Romero Autoridad Ind\u00edgena Nacional por el pueblo Qom. Tambi\u00e9n acompa\u00f1\u00f3 un Antrop\u00f3logo de la Universidad de la Sorbona de Francia.<\/p>\n<p>  Las autoridades de los Pueblos Originarios agradecieron a al Concejo y al Ejecutivo por las y ordenanzas que se sancionan en la ciudad de San Pedro, ya que son utilizadas como ejemplo para replicarlas en sus respectivas provincias.<\/p>\n","protected":false},"excerpt":{"rendered":"<p>Ayer por la ma\u00f1ana en el marco del d\u00eda internacional del Ind\u00edgena Americano se reunieron en el Honorable Concejo de Deliberante el Secretario de Coordinaci\u00f3n Ram\u00f3n Salazar, la Presidente del HCD M\u00f3nica Otero y el Concejal Iv\u00e1n Paz con los representantes de los Pueblos Originarios, Pascuala Carrizo Guakinchay de la Comunidad Huarpes de San Luis, [&hellip;]<\/p>\n","protected":false},"author":4,"featured_media":32013,"comment_status":"open","ping_status":"closed","sticky":false,"template":"","format":"standard","meta":{"om_disable_all_campaigns":false,"_jetpack_memberships_contains_paid_content":false,"footnotes":""},"categories":[2,102],"tags":[],"class_list":["post-32012","post","type-post","status-publish","format-standard","has-post-thumbnail","hentry","category-locales","category-politica-locales"],"aioseo_notices":[],"gutentor_comment":0,"jetpack_featured_media_url":"https:\/\/eldiariodesanpedro.com.ar\/sitio\/wp-content\/uploads\/2018\/04\/Por-el-d\u00eda-internacional-del-Ind\u00edgena-Americano.jpg","jetpack_shortlink":"https:\/\/wp.me\/p6RhLt-8kk","jetpack_sharing_enabled":true,"_links":{"self":[{"href":"https:\/\/eldiariodesanpedro.com.ar\/sitio\/wp-json\/wp\/v2\/posts\/32012","targetHints":{"allow":["GET"]}}],"collection":[{"href":"https:\/\/eldiariodesanpedro.com.ar\/sitio\/wp-json\/wp\/v2\/posts"}],"about":[{"href":"https:\/\/eldiariodesanpedro.com.ar\/sitio\/wp-json\/wp\/v2\/types\/post"}],"author":[{"embeddable":true,"href":"https:\/\/eldiariodesanpedro.com.ar\/sitio\/wp-json\/wp\/v2\/users\/4"}],"replies":[{"embeddable":true,"href":"https:\/\/eldiariodesanpedro.com.ar\/sitio\/wp-json\/wp\/v2\/comments?post=32012"}],"version-history":[{"count":1,"href":"https:\/\/eldiariodesanpedro.com.ar\/sitio\/wp-json\/wp\/v2\/posts\/32012\/revisions"}],"predecessor-version":[{"id":32015,"href":"https:\/\/eldiariodesanpedro.com.ar\/sitio\/wp-json\/wp\/v2\/posts\/32012\/revisions\/32015"}],"wp:featuredmedia":[{"embeddable":true,"href":"https:\/\/eldiariodesanpedro.com.ar\/sitio\/wp-json\/wp\/v2\/media\/32013"}],"wp:attachment":[{"href":"https:\/\/eldiariodesanpedro.com.ar\/sitio\/wp-json\/wp\/v2\/media?parent=32012"}],"wp:term":[{"taxonomy":"category","embeddable":true,"href":"https:\/\/eldiariodesanpedro.com.ar\/sitio\/wp-json\/wp\/v2\/categories?post=32012"},{"taxonomy":"post_tag","embeddable":true,"href":"https:\/\/eldiariodesanpedro.com.ar\/sitio\/wp-json\/wp\/v2\/tags?post=32012"}],"curies":[{"name":"wp","href":"https:\/\/api.w.org\/{rel}","templated":true}]}}