{"id":32008,"date":"2018-04-20T15:57:39","date_gmt":"2018-04-20T18:57:39","guid":{"rendered":"https:\/\/eldiariodesanpedro.com.ar\/sitio\/?p=32008"},"modified":"2018-04-20T15:57:39","modified_gmt":"2018-04-20T18:57:39","slug":"un-joven-herido-de-un-balazo-en-la-tosquera","status":"publish","type":"post","link":"https:\/\/eldiariodesanpedro.com.ar\/sitio\/un-joven-herido-de-un-balazo-en-la-tosquera\/","title":{"rendered":"Un joven herido de un balazo en La Tosquera"},"content":{"rendered":"<p><!-- VideographyWP Plugin Message: Automatic video embedding prevented by plugin options. --><br \/>\nEste jueves ocurri\u00f3 un hecho de abuso de armas en el barrio La Tosquera donde un joven resulto herido de un balazo.<\/p>\n<p>En horas de la tarde, pasadas las 18:30 hs se tuvo que hacer presente en La Tosquera un m\u00f3vil policial y la ambulancia del SAME para intervenir donde un joven de 24 a\u00f1os de edad hab\u00eda recibido un disparo en el tobillo de su pierna izquierda.<\/p>\n<p>El joven fue trasladado a la guardia del hospital Emilio Ruffa  donde luego de recibir la atenci\u00f3n necesaria se tomo declaraci\u00f3n de lo sucedido, y el mismo comento que fue agredido por dos masculinos a los que identifico por tener conflicto de larga data.<\/p>\n","protected":false},"excerpt":{"rendered":"<p>Este jueves ocurri\u00f3 un hecho de abuso de armas en el barrio La Tosquera donde un joven resulto herido de un balazo. En horas de la tarde, pasadas las 18:30 hs se tuvo que hacer presente en La Tosquera un m\u00f3vil policial y la ambulancia del SAME para intervenir donde un joven de 24 a\u00f1os [&hellip;]<\/p>\n","protected":false},"author":4,"featured_media":31339,"comment_status":"open","ping_status":"closed","sticky":false,"template":"","format":"standard","meta":{"om_disable_all_campaigns":false,"_jetpack_memberships_contains_paid_content":false,"footnotes":""},"categories":[2,103],"tags":[],"class_list":["post-32008","post","type-post","status-publish","format-standard","has-post-thumbnail","hentry","category-locales","category-policiales-locales"],"aioseo_notices":[],"gutentor_comment":0,"jetpack_featured_media_url":"https:\/\/eldiariodesanpedro.com.ar\/sitio\/wp-content\/uploads\/2018\/04\/same_658x400.jpg","jetpack_shortlink":"https:\/\/wp.me\/p6RhLt-8kg","jetpack_sharing_enabled":true,"_links":{"self":[{"href":"https:\/\/eldiariodesanpedro.com.ar\/sitio\/wp-json\/wp\/v2\/posts\/32008","targetHints":{"allow":["GET"]}}],"collection":[{"href":"https:\/\/eldiariodesanpedro.com.ar\/sitio\/wp-json\/wp\/v2\/posts"}],"about":[{"href":"https:\/\/eldiariodesanpedro.com.ar\/sitio\/wp-json\/wp\/v2\/types\/post"}],"author":[{"embeddable":true,"href":"https:\/\/eldiariodesanpedro.com.ar\/sitio\/wp-json\/wp\/v2\/users\/4"}],"replies":[{"embeddable":true,"href":"https:\/\/eldiariodesanpedro.com.ar\/sitio\/wp-json\/wp\/v2\/comments?post=32008"}],"version-history":[{"count":1,"href":"https:\/\/eldiariodesanpedro.com.ar\/sitio\/wp-json\/wp\/v2\/posts\/32008\/revisions"}],"predecessor-version":[{"id":32009,"href":"https:\/\/eldiariodesanpedro.com.ar\/sitio\/wp-json\/wp\/v2\/posts\/32008\/revisions\/32009"}],"wp:featuredmedia":[{"embeddable":true,"href":"https:\/\/eldiariodesanpedro.com.ar\/sitio\/wp-json\/wp\/v2\/media\/31339"}],"wp:attachment":[{"href":"https:\/\/eldiariodesanpedro.com.ar\/sitio\/wp-json\/wp\/v2\/media?parent=32008"}],"wp:term":[{"taxonomy":"category","embeddable":true,"href":"https:\/\/eldiariodesanpedro.com.ar\/sitio\/wp-json\/wp\/v2\/categories?post=32008"},{"taxonomy":"post_tag","embeddable":true,"href":"https:\/\/eldiariodesanpedro.com.ar\/sitio\/wp-json\/wp\/v2\/tags?post=32008"}],"curies":[{"name":"wp","href":"https:\/\/api.w.org\/{rel}","templated":true}]}}