{"id":32001,"date":"2018-04-20T11:03:12","date_gmt":"2018-04-20T14:03:12","guid":{"rendered":"https:\/\/eldiariodesanpedro.com.ar\/sitio\/?p=32001"},"modified":"2018-04-20T11:03:12","modified_gmt":"2018-04-20T14:03:12","slug":"exposicion-de-imagenes-historicas-en-el-club-nautico","status":"publish","type":"post","link":"https:\/\/eldiariodesanpedro.com.ar\/sitio\/exposicion-de-imagenes-historicas-en-el-club-nautico\/","title":{"rendered":"Exposici\u00f3n de im\u00e1genes hist\u00f3ricas en el Club Nautico"},"content":{"rendered":"<p><!-- VideographyWP Plugin Message: Automatic video embedding prevented by plugin options. --><br \/>\nEl Club N\u00e1utico San Pedro habilit\u00f3 este jueves por la noche su galer\u00eda de im\u00e1genes hist\u00f3ricas con reproducciones de fotograf\u00edas recopiladas del archivo de la instituci\u00f3n m\u00e1s aportes de socios que han puesto a disposici\u00f3n materiales que ten\u00edan en sus casas. La exposici\u00f3n  que arranc\u00f3 con m\u00e1s de 60 im\u00e1genes, es una iniciativa para que tanto socios como no socios puedan recorrer las instalaciones del Club Viejo durante los pr\u00f3ximos meses y conocer parte de la historia \u00abceleste\u00bb. En la apertura con ex comodoros, directivos y colaboradores de la muestra, el Comodoro Marcos Arana agradeci\u00f3 a todos los que acompa\u00f1aron esta propuesta e invit\u00f3 a los que lo deseen, a seguir acercando fotograf\u00edas.  Adem\u00e1s anunci\u00f3 la reinauguraci\u00f3n del Gimnasio Pepe Geoghegan para el pr\u00f3ximo domingo 29, con un partido de b\u00e1squetbol de primera divisi\u00f3n. Mas adelante invit\u00f3 a acompa\u00f1ar la charla sobre Deporte como Factor Humano del ex jugador de la selecci\u00f3n nacional Hern\u00e1n Montenegro el pr\u00f3ximo 5 de mayo y la charla sobre Alcohol y J\u00f3venes de la Dra. Peronaci el pr\u00f3ximo 12 de Mayo. En el cierre del acto Roberto Gonz\u00e1lez, uno de los promotores de la exposici\u00f3n tambi\u00e9n agradeci\u00f3 la colaboraci\u00f3n recibida e invit\u00f3 a todos los sampedrinos a recorrerla.<\/p>\n<p>El Secretario de Coordinaci\u00f3n Dr. Ram\u00f3n Salazar particip\u00f3 en representaci\u00f3n de la Municipalidad de San Pedro y felicit\u00f3 al club por esta novedad.<br \/>\nJunto a las fotos tambi\u00e9n fueron expuestos cuadros de la artista sampedrina Pamela Rivas.<br \/>\nLa exposici\u00f3n estar\u00e1 abierta para los socios todos los d\u00edas consultando en porter\u00eda los horarios en los que se puede acceder y para los no socios, s\u00e1bados, domingos y feriados de 18 a 21, ingresando por la puerta principal de la instituci\u00f3n<\/p>\n","protected":false},"excerpt":{"rendered":"<p>El Club N\u00e1utico San Pedro habilit\u00f3 este jueves por la noche su galer\u00eda de im\u00e1genes hist\u00f3ricas con reproducciones de fotograf\u00edas recopiladas del archivo de la instituci\u00f3n m\u00e1s aportes de socios que han puesto a disposici\u00f3n materiales que ten\u00edan en sus casas. La exposici\u00f3n que arranc\u00f3 con m\u00e1s de 60 im\u00e1genes, es una iniciativa para que [&hellip;]<\/p>\n","protected":false},"author":4,"featured_media":32002,"comment_status":"open","ping_status":"closed","sticky":false,"template":"","format":"standard","meta":{"om_disable_all_campaigns":false,"_jetpack_memberships_contains_paid_content":false,"footnotes":""},"categories":[101,2],"tags":[],"class_list":["post-32001","post","type-post","status-publish","format-standard","has-post-thumbnail","hentry","category-interes-general-locales","category-locales"],"aioseo_notices":[],"gutentor_comment":0,"jetpack_featured_media_url":"https:\/\/eldiariodesanpedro.com.ar\/sitio\/wp-content\/uploads\/2018\/04\/fotos3.jpg","jetpack_shortlink":"https:\/\/wp.me\/p6RhLt-8k9","jetpack_sharing_enabled":true,"_links":{"self":[{"href":"https:\/\/eldiariodesanpedro.com.ar\/sitio\/wp-json\/wp\/v2\/posts\/32001","targetHints":{"allow":["GET"]}}],"collection":[{"href":"https:\/\/eldiariodesanpedro.com.ar\/sitio\/wp-json\/wp\/v2\/posts"}],"about":[{"href":"https:\/\/eldiariodesanpedro.com.ar\/sitio\/wp-json\/wp\/v2\/types\/post"}],"author":[{"embeddable":true,"href":"https:\/\/eldiariodesanpedro.com.ar\/sitio\/wp-json\/wp\/v2\/users\/4"}],"replies":[{"embeddable":true,"href":"https:\/\/eldiariodesanpedro.com.ar\/sitio\/wp-json\/wp\/v2\/comments?post=32001"}],"version-history":[{"count":1,"href":"https:\/\/eldiariodesanpedro.com.ar\/sitio\/wp-json\/wp\/v2\/posts\/32001\/revisions"}],"predecessor-version":[{"id":32003,"href":"https:\/\/eldiariodesanpedro.com.ar\/sitio\/wp-json\/wp\/v2\/posts\/32001\/revisions\/32003"}],"wp:featuredmedia":[{"embeddable":true,"href":"https:\/\/eldiariodesanpedro.com.ar\/sitio\/wp-json\/wp\/v2\/media\/32002"}],"wp:attachment":[{"href":"https:\/\/eldiariodesanpedro.com.ar\/sitio\/wp-json\/wp\/v2\/media?parent=32001"}],"wp:term":[{"taxonomy":"category","embeddable":true,"href":"https:\/\/eldiariodesanpedro.com.ar\/sitio\/wp-json\/wp\/v2\/categories?post=32001"},{"taxonomy":"post_tag","embeddable":true,"href":"https:\/\/eldiariodesanpedro.com.ar\/sitio\/wp-json\/wp\/v2\/tags?post=32001"}],"curies":[{"name":"wp","href":"https:\/\/api.w.org\/{rel}","templated":true}]}}