{"id":31987,"date":"2018-04-19T22:09:56","date_gmt":"2018-04-20T01:09:56","guid":{"rendered":"https:\/\/eldiariodesanpedro.com.ar\/sitio\/?p=31987"},"modified":"2018-04-19T22:09:56","modified_gmt":"2018-04-20T01:09:56","slug":"aparecio-muerto-el-asesino-de-mariela","status":"publish","type":"post","link":"https:\/\/eldiariodesanpedro.com.ar\/sitio\/aparecio-muerto-el-asesino-de-mariela\/","title":{"rendered":"Apareci\u00f3 muerto el asesino de Mariela"},"content":{"rendered":"<p><!-- VideographyWP Plugin Message: Automatic video embedding prevented by plugin options. --><br \/>\nSe dio con el paradero de Alberto Lafuente en la zona del Cemento parque ubicado afuera de la ciudad.<\/p>\n<p>El asesino de Mariela fue acorralado por la polic\u00eda por lo que termino quit\u00e1ndose la vida. <\/p>\n<p>Imagen gentileza La Opini\u00f3n Semanario <\/p>\n","protected":false},"excerpt":{"rendered":"<p>Se dio con el paradero de Alberto Lafuente en la zona del Cemento parque ubicado afuera de la ciudad. El asesino de Mariela fue acorralado por la polic\u00eda por lo que termino quit\u00e1ndose la vida. Imagen gentileza La Opini\u00f3n Semanario<\/p>\n","protected":false},"author":4,"featured_media":31988,"comment_status":"open","ping_status":"closed","sticky":false,"template":"","format":"standard","meta":{"om_disable_all_campaigns":false,"_jetpack_memberships_contains_paid_content":false,"footnotes":""},"categories":[50,2,103],"tags":[],"class_list":["post-31987","post","type-post","status-publish","format-standard","has-post-thumbnail","hentry","category-destacadas","category-locales","category-policiales-locales"],"aioseo_notices":[],"gutentor_comment":1,"jetpack_featured_media_url":"https:\/\/eldiariodesanpedro.com.ar\/sitio\/wp-content\/uploads\/2018\/04\/IMG-20180419-WA0127.jpg","jetpack_shortlink":"https:\/\/wp.me\/p6RhLt-8jV","jetpack_sharing_enabled":true,"_links":{"self":[{"href":"https:\/\/eldiariodesanpedro.com.ar\/sitio\/wp-json\/wp\/v2\/posts\/31987","targetHints":{"allow":["GET"]}}],"collection":[{"href":"https:\/\/eldiariodesanpedro.com.ar\/sitio\/wp-json\/wp\/v2\/posts"}],"about":[{"href":"https:\/\/eldiariodesanpedro.com.ar\/sitio\/wp-json\/wp\/v2\/types\/post"}],"author":[{"embeddable":true,"href":"https:\/\/eldiariodesanpedro.com.ar\/sitio\/wp-json\/wp\/v2\/users\/4"}],"replies":[{"embeddable":true,"href":"https:\/\/eldiariodesanpedro.com.ar\/sitio\/wp-json\/wp\/v2\/comments?post=31987"}],"version-history":[{"count":1,"href":"https:\/\/eldiariodesanpedro.com.ar\/sitio\/wp-json\/wp\/v2\/posts\/31987\/revisions"}],"predecessor-version":[{"id":31989,"href":"https:\/\/eldiariodesanpedro.com.ar\/sitio\/wp-json\/wp\/v2\/posts\/31987\/revisions\/31989"}],"wp:featuredmedia":[{"embeddable":true,"href":"https:\/\/eldiariodesanpedro.com.ar\/sitio\/wp-json\/wp\/v2\/media\/31988"}],"wp:attachment":[{"href":"https:\/\/eldiariodesanpedro.com.ar\/sitio\/wp-json\/wp\/v2\/media?parent=31987"}],"wp:term":[{"taxonomy":"category","embeddable":true,"href":"https:\/\/eldiariodesanpedro.com.ar\/sitio\/wp-json\/wp\/v2\/categories?post=31987"},{"taxonomy":"post_tag","embeddable":true,"href":"https:\/\/eldiariodesanpedro.com.ar\/sitio\/wp-json\/wp\/v2\/tags?post=31987"}],"curies":[{"name":"wp","href":"https:\/\/api.w.org\/{rel}","templated":true}]}}