{"id":31974,"date":"2018-04-19T21:23:16","date_gmt":"2018-04-20T00:23:16","guid":{"rendered":"https:\/\/eldiariodesanpedro.com.ar\/sitio\/?p=31974"},"modified":"2026-01-24T00:16:28","modified_gmt":"2026-01-24T03:16:28","slug":"karate-seminario-y-arreglos-en-el-gimnasio","status":"publish","type":"post","link":"https:\/\/eldiariodesanpedro.com.ar\/sitio\/karate-seminario-y-arreglos-en-el-gimnasio\/","title":{"rendered":"KARATE: Seminario y arreglos en el gimnasio"},"content":{"rendered":"<p><!-- VideographyWP Plugin Message: Automatic video embedding prevented by plugin options. --><br \/>\n  El pasado fin de semana la Asociaci\u00f3n Sampedrina de Karate tuvo en el Dojo Central el Seminario Anual Internacional dirigido por el Sensei Paulo Motta de Sao Pablo, Brasil. El mismo se desarroll\u00f3 con modulo de seis horas de duraci\u00f3n, repasando y actualizando t\u00e9cnicas y un seminario de arbitraje con el reglamento 2018, para ser aplicado en el campeonato Sud Americano a realizarse en octubre de este a\u00f1o en nuestra ciudad. <\/p>\n<p>  La ASK (Asociaci\u00f3n Sampedrina de Karate) ya tiene todo preparado para realizar el campeonato Apertura de la Federaci\u00f3n Nacional de Karate (F.N.K.) a realizarse en el gimnasio municipal de San Pedro los d\u00edas 12 y 13 de Mayo pr\u00f3ximo. Cabe destacar que la ASK esta trabajando y haciendo un gran aporte en la parte edilicia del gimnasio para que el mismo quede apto para la organizaci\u00f3n de eventos deportivos y sociales.  <\/p>\n","protected":false},"excerpt":{"rendered":"<p>El pasado fin de semana la Asociaci\u00f3n Sampedrina de Karate tuvo en el Dojo Central el Seminario Anual Internacional dirigido por el Sensei Paulo Motta de Sao Pablo, Brasil. El mismo se desarroll\u00f3 con modulo de seis horas de duraci\u00f3n, repasando y actualizando t\u00e9cnicas y un seminario de arbitraje con el reglamento 2018, para ser [&hellip;]<\/p>\n","protected":false},"author":4,"featured_media":10754,"comment_status":"open","ping_status":"closed","sticky":false,"template":"","format":"standard","meta":{"om_disable_all_campaigns":false,"_jetpack_memberships_contains_paid_content":false,"footnotes":""},"categories":[5],"tags":[],"class_list":["post-31974","post","type-post","status-publish","format-standard","has-post-thumbnail","hentry","category-deportes"],"aioseo_notices":[],"gutentor_comment":0,"jetpack_featured_media_url":"https:\/\/eldiariodesanpedro.com.ar\/sitio\/wp-content\/uploads\/2016\/11\/karate.jpg","jetpack_shortlink":"https:\/\/wp.me\/p6RhLt-8jI","jetpack_sharing_enabled":true,"_links":{"self":[{"href":"https:\/\/eldiariodesanpedro.com.ar\/sitio\/wp-json\/wp\/v2\/posts\/31974","targetHints":{"allow":["GET"]}}],"collection":[{"href":"https:\/\/eldiariodesanpedro.com.ar\/sitio\/wp-json\/wp\/v2\/posts"}],"about":[{"href":"https:\/\/eldiariodesanpedro.com.ar\/sitio\/wp-json\/wp\/v2\/types\/post"}],"author":[{"embeddable":true,"href":"https:\/\/eldiariodesanpedro.com.ar\/sitio\/wp-json\/wp\/v2\/users\/4"}],"replies":[{"embeddable":true,"href":"https:\/\/eldiariodesanpedro.com.ar\/sitio\/wp-json\/wp\/v2\/comments?post=31974"}],"version-history":[{"count":2,"href":"https:\/\/eldiariodesanpedro.com.ar\/sitio\/wp-json\/wp\/v2\/posts\/31974\/revisions"}],"predecessor-version":[{"id":31986,"href":"https:\/\/eldiariodesanpedro.com.ar\/sitio\/wp-json\/wp\/v2\/posts\/31974\/revisions\/31986"}],"wp:featuredmedia":[{"embeddable":true,"href":"https:\/\/eldiariodesanpedro.com.ar\/sitio\/wp-json\/wp\/v2\/media\/10754"}],"wp:attachment":[{"href":"https:\/\/eldiariodesanpedro.com.ar\/sitio\/wp-json\/wp\/v2\/media?parent=31974"}],"wp:term":[{"taxonomy":"category","embeddable":true,"href":"https:\/\/eldiariodesanpedro.com.ar\/sitio\/wp-json\/wp\/v2\/categories?post=31974"},{"taxonomy":"post_tag","embeddable":true,"href":"https:\/\/eldiariodesanpedro.com.ar\/sitio\/wp-json\/wp\/v2\/tags?post=31974"}],"curies":[{"name":"wp","href":"https:\/\/api.w.org\/{rel}","templated":true}]}}