{"id":31966,"date":"2018-04-19T21:20:07","date_gmt":"2018-04-20T00:20:07","guid":{"rendered":"https:\/\/eldiariodesanpedro.com.ar\/sitio\/?p=31966"},"modified":"2026-01-24T00:16:28","modified_gmt":"2026-01-24T03:16:28","slug":"patin-mas-clasificados-al-nacional-de-san-juan","status":"publish","type":"post","link":"https:\/\/eldiariodesanpedro.com.ar\/sitio\/patin-mas-clasificados-al-nacional-de-san-juan\/","title":{"rendered":"PAT\u00cdN: M\u00e1s clasificados al Nacional de San Juan"},"content":{"rendered":"<p><!-- VideographyWP Plugin Message: Automatic video embedding prevented by plugin options. --><br \/>\n  Alisa P\u00e1ez (3ra B) y Sof\u00eda Baca (Promocional B), representantes de Paran\u00e1 clasificaron el pasado s\u00e1bado para el Nacional de San Juan que se llevar\u00e1 a cabo el mes pr\u00f3ximo. Fue en el Polideportivo Municipal \u201cPredio Alberto Balestrini\u201d, ubicado en La Matanza y es por la Confederaci\u00f3n Argentina de Pat\u00edn. Ya clasificaron con anterioridad al Nacional Abril Medina Casco y Nayarit P\u00e9rez (Club Pescadores) y Serena Mu\u00f1oz (Club A. Mitre).<\/p>\n<p>ENTRENAMIENTO CON LA SELECCI\u00d3N: Durante el pasado fin de semana, Abril Medina Casco y Nayarit P\u00e9rez (Club Pescadores y N\u00e1utica de San Pedro) participaron de las pr\u00e1cticas oficiales del seleccionado de UEP.  La misma se llev\u00f3 a cabo en las instalaciones del club Platense donde comenzaron con el entrenamiento intensivo para llegar de la mejor forma al torneo Argentino de Pat\u00edn que se realizar\u00e1 en San Juan en el mes de mayo.<\/p>\n","protected":false},"excerpt":{"rendered":"<p>Alisa P\u00e1ez (3ra B) y Sof\u00eda Baca (Promocional B), representantes de Paran\u00e1 clasificaron el pasado s\u00e1bado para el Nacional de San Juan que se llevar\u00e1 a cabo el mes pr\u00f3ximo. Fue en el Polideportivo Municipal \u201cPredio Alberto Balestrini\u201d, ubicado en La Matanza y es por la Confederaci\u00f3n Argentina de Pat\u00edn. Ya clasificaron con anterioridad al [&hellip;]<\/p>\n","protected":false},"author":4,"featured_media":17286,"comment_status":"open","ping_status":"closed","sticky":false,"template":"","format":"standard","meta":{"om_disable_all_campaigns":false,"_jetpack_memberships_contains_paid_content":false,"footnotes":""},"categories":[5],"tags":[],"class_list":["post-31966","post","type-post","status-publish","format-standard","has-post-thumbnail","hentry","category-deportes"],"aioseo_notices":[],"gutentor_comment":0,"jetpack_featured_media_url":"https:\/\/eldiariodesanpedro.com.ar\/sitio\/wp-content\/uploads\/2017\/04\/patin-artistico.jpg","jetpack_shortlink":"https:\/\/wp.me\/p6RhLt-8jA","jetpack_sharing_enabled":true,"_links":{"self":[{"href":"https:\/\/eldiariodesanpedro.com.ar\/sitio\/wp-json\/wp\/v2\/posts\/31966","targetHints":{"allow":["GET"]}}],"collection":[{"href":"https:\/\/eldiariodesanpedro.com.ar\/sitio\/wp-json\/wp\/v2\/posts"}],"about":[{"href":"https:\/\/eldiariodesanpedro.com.ar\/sitio\/wp-json\/wp\/v2\/types\/post"}],"author":[{"embeddable":true,"href":"https:\/\/eldiariodesanpedro.com.ar\/sitio\/wp-json\/wp\/v2\/users\/4"}],"replies":[{"embeddable":true,"href":"https:\/\/eldiariodesanpedro.com.ar\/sitio\/wp-json\/wp\/v2\/comments?post=31966"}],"version-history":[{"count":2,"href":"https:\/\/eldiariodesanpedro.com.ar\/sitio\/wp-json\/wp\/v2\/posts\/31966\/revisions"}],"predecessor-version":[{"id":31978,"href":"https:\/\/eldiariodesanpedro.com.ar\/sitio\/wp-json\/wp\/v2\/posts\/31966\/revisions\/31978"}],"wp:featuredmedia":[{"embeddable":true,"href":"https:\/\/eldiariodesanpedro.com.ar\/sitio\/wp-json\/wp\/v2\/media\/17286"}],"wp:attachment":[{"href":"https:\/\/eldiariodesanpedro.com.ar\/sitio\/wp-json\/wp\/v2\/media?parent=31966"}],"wp:term":[{"taxonomy":"category","embeddable":true,"href":"https:\/\/eldiariodesanpedro.com.ar\/sitio\/wp-json\/wp\/v2\/categories?post=31966"},{"taxonomy":"post_tag","embeddable":true,"href":"https:\/\/eldiariodesanpedro.com.ar\/sitio\/wp-json\/wp\/v2\/tags?post=31966"}],"curies":[{"name":"wp","href":"https:\/\/api.w.org\/{rel}","templated":true}]}}