{"id":3194,"date":"2016-04-15T10:41:10","date_gmt":"2016-04-15T13:41:10","guid":{"rendered":"https:\/\/eldiariodesanpedro.com.ar\/sitio\/?p=3194"},"modified":"2016-04-15T10:41:10","modified_gmt":"2016-04-15T13:41:10","slug":"leonardo-farina-sumo-un-escrito-secreto-en-el-caso-de-la-ruta-del-dinero","status":"publish","type":"post","link":"https:\/\/eldiariodesanpedro.com.ar\/sitio\/leonardo-farina-sumo-un-escrito-secreto-en-el-caso-de-la-ruta-del-dinero\/","title":{"rendered":"Leonardo Fari\u00f1a sum\u00f3 un escrito secreto en el caso de la ruta del dinero"},"content":{"rendered":"<p><!-- VideographyWP Plugin Message: Automatic video embedding prevented by plugin options. --><br \/>\nEl \u00abarrepentido\u00bb del expediente que investiga una red dedicada al lavado de dinero proveniente de la obra p\u00fablica agreg\u00f3 m\u00e1s datos tras su indagatoria.<br \/>\nEn las \u00faltimas 48 horas crecieron los rumores que indicaban que Leonardo Fari\u00f1a, el medi\u00e1tico asesor financiero de L\u00e1zaro B\u00e1ez, hab\u00eda vuelto a declarar en secreto ante el juez federal Sebasti\u00e1n Casanello. La versi\u00f3n tiene m\u00e1s inexactitudes que certezas.<br \/>\nEl ex esposo de la modelo Karina Jelinek no volvi\u00f3 a estar sentado cara a cara frente al magistrado federal tras su indagatoria del viernes 8 de abril, sin embargo s\u00ed aport\u00f3 nuevos datos a la causa, seg\u00fan pudo saber Infobae.<br \/>\nSu abogada, Giselle Robles, present\u00f3 un nuevo escrito esta semana. El contenido del acto procesal se encuentra reservado porque rige el secreto de sumario. S\u00f3lo la letrada y el juez conocen los detalles, pero hay varias especulaciones en el \u00e1mbito judicial y pol\u00edtico.<\/p>\n<div>Ayer la C\u00e1mara Federal rechaz\u00f3 las excarcelaciones de B\u00e1ez y de su contador. Adem\u00e1s por primera vez se refiri\u00f3 al dinero fugado a trav\u00e9s de La Rosadita. Es que los camaristas Mart\u00edn Irurzun, Eduardo Farah y Horacio Cattani indicaron que es probable que parte de los billetes puedan encontrarse ocultos \u00aben alguna de las numerosas\u00bb propiedades que tiene el empresario en el sur.<\/div>\n","protected":false},"excerpt":{"rendered":"<p>El \u00abarrepentido\u00bb del expediente que investiga una red dedicada al lavado de dinero proveniente de la obra p\u00fablica agreg\u00f3 m\u00e1s datos tras su indagatoria. En las \u00faltimas 48 horas crecieron los rumores que indicaban que Leonardo Fari\u00f1a, el medi\u00e1tico asesor financiero de L\u00e1zaro B\u00e1ez, hab\u00eda vuelto a declarar en secreto ante el juez federal Sebasti\u00e1n [&hellip;]<\/p>\n","protected":false},"author":4,"featured_media":3195,"comment_status":"open","ping_status":"closed","sticky":false,"template":"","format":"standard","meta":{"om_disable_all_campaigns":false,"_jetpack_memberships_contains_paid_content":false,"footnotes":""},"categories":[3],"tags":[526,528,524,522,527,525,523],"class_list":["post-3194","post","type-post","status-publish","format-standard","has-post-thumbnail","hentry","category-nacionales","tag-caso","tag-dinero","tag-escrito","tag-leonardo-farina","tag-ruta","tag-secreto","tag-sumo"],"aioseo_notices":[],"gutentor_comment":0,"jetpack_featured_media_url":"https:\/\/eldiariodesanpedro.com.ar\/sitio\/wp-content\/uploads\/2016\/04\/0014554098.jpg","jetpack_shortlink":"https:\/\/wp.me\/p6RhLt-Pw","jetpack_sharing_enabled":true,"_links":{"self":[{"href":"https:\/\/eldiariodesanpedro.com.ar\/sitio\/wp-json\/wp\/v2\/posts\/3194","targetHints":{"allow":["GET"]}}],"collection":[{"href":"https:\/\/eldiariodesanpedro.com.ar\/sitio\/wp-json\/wp\/v2\/posts"}],"about":[{"href":"https:\/\/eldiariodesanpedro.com.ar\/sitio\/wp-json\/wp\/v2\/types\/post"}],"author":[{"embeddable":true,"href":"https:\/\/eldiariodesanpedro.com.ar\/sitio\/wp-json\/wp\/v2\/users\/4"}],"replies":[{"embeddable":true,"href":"https:\/\/eldiariodesanpedro.com.ar\/sitio\/wp-json\/wp\/v2\/comments?post=3194"}],"version-history":[{"count":1,"href":"https:\/\/eldiariodesanpedro.com.ar\/sitio\/wp-json\/wp\/v2\/posts\/3194\/revisions"}],"predecessor-version":[{"id":3196,"href":"https:\/\/eldiariodesanpedro.com.ar\/sitio\/wp-json\/wp\/v2\/posts\/3194\/revisions\/3196"}],"wp:featuredmedia":[{"embeddable":true,"href":"https:\/\/eldiariodesanpedro.com.ar\/sitio\/wp-json\/wp\/v2\/media\/3195"}],"wp:attachment":[{"href":"https:\/\/eldiariodesanpedro.com.ar\/sitio\/wp-json\/wp\/v2\/media?parent=3194"}],"wp:term":[{"taxonomy":"category","embeddable":true,"href":"https:\/\/eldiariodesanpedro.com.ar\/sitio\/wp-json\/wp\/v2\/categories?post=3194"},{"taxonomy":"post_tag","embeddable":true,"href":"https:\/\/eldiariodesanpedro.com.ar\/sitio\/wp-json\/wp\/v2\/tags?post=3194"}],"curies":[{"name":"wp","href":"https:\/\/api.w.org\/{rel}","templated":true}]}}