{"id":31805,"date":"2018-04-18T10:44:28","date_gmt":"2018-04-18T13:44:28","guid":{"rendered":"https:\/\/eldiariodesanpedro.com.ar\/sitio\/?p=31805"},"modified":"2018-04-18T10:44:28","modified_gmt":"2018-04-18T13:44:28","slug":"se-aprehende-una-persona-por-llevar-estupefacientes","status":"publish","type":"post","link":"https:\/\/eldiariodesanpedro.com.ar\/sitio\/se-aprehende-una-persona-por-llevar-estupefacientes\/","title":{"rendered":"Se aprehende una persona por llevar estupefacientes"},"content":{"rendered":"<p><!-- VideographyWP Plugin Message: Automatic video embedding prevented by plugin options. --><br \/>\nEste martes el personal policial en calle Las Provincias 2430 procedi\u00f3 identificaci\u00f3n de masculino de 24 a\u00f1os quien circulaba en un rodado 110 cc  tras cacheo preventivo por sobre sus prendas lograse el secuestro de Marihuana. <\/p>\n<p>El rodado no posee documentaci\u00f3n, trasladados seccional policial. UFI N\u00b0 5 dispone notificaci\u00f3n de actuaciones. Rodado diose intervenci\u00f3n tribunal de faltas local.<\/p>\n","protected":false},"excerpt":{"rendered":"<p>Este martes el personal policial en calle Las Provincias 2430 procedi\u00f3 identificaci\u00f3n de masculino de 24 a\u00f1os quien circulaba en un rodado 110 cc tras cacheo preventivo por sobre sus prendas lograse el secuestro de Marihuana. El rodado no posee documentaci\u00f3n, trasladados seccional policial. UFI N\u00b0 5 dispone notificaci\u00f3n de actuaciones. Rodado diose intervenci\u00f3n tribunal [&hellip;]<\/p>\n","protected":false},"author":4,"featured_media":28826,"comment_status":"open","ping_status":"closed","sticky":false,"template":"","format":"standard","meta":{"om_disable_all_campaigns":false,"_jetpack_memberships_contains_paid_content":false,"footnotes":""},"categories":[2,103],"tags":[],"class_list":["post-31805","post","type-post","status-publish","format-standard","has-post-thumbnail","hentry","category-locales","category-policiales-locales"],"aioseo_notices":[],"gutentor_comment":0,"jetpack_featured_media_url":"https:\/\/eldiariodesanpedro.com.ar\/sitio\/wp-content\/uploads\/2018\/02\/detenido-4.jpg","jetpack_shortlink":"https:\/\/wp.me\/p6RhLt-8gZ","jetpack_sharing_enabled":true,"_links":{"self":[{"href":"https:\/\/eldiariodesanpedro.com.ar\/sitio\/wp-json\/wp\/v2\/posts\/31805","targetHints":{"allow":["GET"]}}],"collection":[{"href":"https:\/\/eldiariodesanpedro.com.ar\/sitio\/wp-json\/wp\/v2\/posts"}],"about":[{"href":"https:\/\/eldiariodesanpedro.com.ar\/sitio\/wp-json\/wp\/v2\/types\/post"}],"author":[{"embeddable":true,"href":"https:\/\/eldiariodesanpedro.com.ar\/sitio\/wp-json\/wp\/v2\/users\/4"}],"replies":[{"embeddable":true,"href":"https:\/\/eldiariodesanpedro.com.ar\/sitio\/wp-json\/wp\/v2\/comments?post=31805"}],"version-history":[{"count":1,"href":"https:\/\/eldiariodesanpedro.com.ar\/sitio\/wp-json\/wp\/v2\/posts\/31805\/revisions"}],"predecessor-version":[{"id":31806,"href":"https:\/\/eldiariodesanpedro.com.ar\/sitio\/wp-json\/wp\/v2\/posts\/31805\/revisions\/31806"}],"wp:featuredmedia":[{"embeddable":true,"href":"https:\/\/eldiariodesanpedro.com.ar\/sitio\/wp-json\/wp\/v2\/media\/28826"}],"wp:attachment":[{"href":"https:\/\/eldiariodesanpedro.com.ar\/sitio\/wp-json\/wp\/v2\/media?parent=31805"}],"wp:term":[{"taxonomy":"category","embeddable":true,"href":"https:\/\/eldiariodesanpedro.com.ar\/sitio\/wp-json\/wp\/v2\/categories?post=31805"},{"taxonomy":"post_tag","embeddable":true,"href":"https:\/\/eldiariodesanpedro.com.ar\/sitio\/wp-json\/wp\/v2\/tags?post=31805"}],"curies":[{"name":"wp","href":"https:\/\/api.w.org\/{rel}","templated":true}]}}