{"id":318,"date":"2015-11-13T10:25:07","date_gmt":"2015-11-13T13:25:07","guid":{"rendered":"http:\/\/www.eldiariodesanpedro.com.ar\/?p=318"},"modified":"2026-01-23T23:16:45","modified_gmt":"2026-01-24T02:16:45","slug":"scioli-y-macri-de-campana-en-cordoba-para-conquistar-el-voto-peronista","status":"publish","type":"post","link":"https:\/\/eldiariodesanpedro.com.ar\/sitio\/scioli-y-macri-de-campana-en-cordoba-para-conquistar-el-voto-peronista\/","title":{"rendered":"Scioli y Macri de campa\u00f1a en C\u00f3rdoba para conquistar el voto peronista"},"content":{"rendered":"<p><!-- VideographyWP Plugin Message: Automatic video embedding prevented by plugin options. --><br \/>\n(NA) &#8211; Los candidatos presidenciales del Frente para la Victoria, Daniel Scioli, y de Cambiemos, Mauricio Macri, coincidieron este jueves en C\u00f3rdoba, donde llevaron sus actividades de campa\u00f1a para intentar conquistar los votos que fueron a Sergio Massa el 25 de octubre, a diez d\u00edas de la segunda vuelta.<br \/>\nCon el mismo objetivo pero en situaciones muy distintas, los dos postulantes desarrollaron recorridas y conferencias en la segunda provincia de peso electoral del pa\u00eds.<br \/>\nMacri, quien result\u00f3 ganador en el distrito con el 53,22 por ciento (1.155.333 votos), busc\u00f3 seducir a los votantes de Massa para sumar adeptos a su propuesta y agrandar la diferencia sobre Scioli, que en la provincia obtuvo un rev\u00e9s en la primera vuelta y qued\u00f3 tercero con el 19,36 por ciento (418.221 votos).<br \/>\nEn el balotaje del pr\u00f3ximo 22 se pondr\u00e1n en juego los 443.204 sufragios que fueron para el l\u00edder del Frente Renovador, adem\u00e1s de los 69.051 que recolect\u00f3 Nicol\u00e1s del Ca\u00f1o, los 46.235 de Adolfo Rodr\u00edguez Sa\u00e1 y los 38.998 de Margarita Stolbizer.<br \/>\nEn territorio cordob\u00e9s, Scioli apel\u00f3 al voto de \u00ablos peronistas de C\u00f3rdoba\u00bb y les pidi\u00f3 \u00abunidad\u00bb para aplicar \u00abpol\u00edticas que garantizan la productividad y el empleo\u00bb.<br \/>\n\u00abYo convoco a los cordobeses en favor de la independencia del Estado, de pol\u00edticas que garantizan la productividad, el empleo. Estoy seguro que con el gobernador (Juan) Schiaretti me voy a poner de acuerdo para bien de C\u00f3rdoba y para bien del pa\u00eds\u00bb, sostuvo Scioli, luego de que este mi\u00e9rcoles el mandatario electo local no se inclinara por ninguno de los dos candidatos presidenciales y ratificara que junto a Jos\u00e9 Manuel de la Sota dieron libertad de acci\u00f3n a los peronistas.<br \/>\nEn declaraciones radiales, el gobernador de Buenos Aires afirm\u00f3: \u00abQuiero saludar a los peronistas de C\u00f3rdoba. Les pido que estemos unidos. Yo estoy convencido que es estrat\u00e9gico invertir en ciencia y tecnolog\u00eda para el desarrollo del pa\u00eds\u00bb.<br \/>\nScioli encabez\u00f3 un acto en Studio Teatro, luego mantuvo encuentros con j\u00f3venes y empresarios y tambi\u00e9n recorri\u00f3 algunos barrios de la ciudad.<br \/>\nPor su parte, Macri hizo un llamado a no \u00abseguir perdiendo la energ\u00eda en estar divididos\u00bb y subray\u00f3: \u00abEste no es un pa\u00eds que tenga problemas de fondo, ac\u00e1 los problemas los inventamos.<br \/>\nNosotros estamos llamados a liderar la regi\u00f3n, tenemos una enorme capacidad y la tenemos que saber utilizar y aprovechar\u00bb.<br \/>\nEl jefe de Gobierno fue recibido por el intendente Ram\u00f3n Mestre y los referentes locales H\u00e9ctor Baldassi, Luis Juez, Mario Negri, Oscar Aguad y Felipe L\u00e1baque.<br \/>\nComo parte de su \u00faltima visita a la provincia antes del balotaje, Macri encabez\u00f3 una caravana en la capital de la provincial y luego una recorrida en la ciudad de R\u00edo Cuarto.<br \/>\n\u00abEn C\u00f3rdoba fue donde prendi\u00f3 primero la idea del cambio. Se adelant\u00f3 a lo que despu\u00e9s pas\u00f3 en todo el pa\u00eds\u00bb, enfatiz\u00f3 el postulante presidencial, que tuvo un crecimiento exponencial en<br \/>\nel distrito en relaci\u00f3n a las PASO, cuando entre los tres candidatos del frente hab\u00edan sacado el 34,57 por ciento.<br \/>\nEn tanto, destac\u00f3 que si gana las elecciones llamar\u00e1 al di\u00e1logo \u00aba todos\u00bb para ir por \u00abuna mejor calidad democr\u00e1tica\u00bb.<br \/>\n\u00abGobernaremos y plantearemos soluciones como podamos. El 11 de diciembre convocar\u00e9 al di\u00e1logo a todos para unirnos detr\u00e1s de una mejor calidad democr\u00e1tica, que alcance pobreza cero y<br \/>\nque reduzca el narcotr\u00e1fico\u00bb, agreg\u00f3 Macri, quien hab\u00eda cerrado su campa\u00f1a nacional en el estadio Orfeo.<\/p>\n","protected":false},"excerpt":{"rendered":"<p>(NA) &#8211; Los candidatos presidenciales del Frente para la Victoria, Daniel Scioli, y de Cambiemos, Mauricio Macri, coincidieron este jueves en C\u00f3rdoba, donde llevaron sus actividades de campa\u00f1a para intentar conquistar los votos que fueron a Sergio Massa el 25 de octubre, a diez d\u00edas de la segunda vuelta. Con el mismo objetivo pero en [&hellip;]<\/p>\n","protected":false},"author":4,"featured_media":320,"comment_status":"open","ping_status":"closed","sticky":false,"template":"","format":"standard","meta":{"om_disable_all_campaigns":false,"_jetpack_memberships_contains_paid_content":false,"footnotes":""},"categories":[3],"tags":[],"class_list":["post-318","post","type-post","status-publish","format-standard","has-post-thumbnail","hentry","category-nacionales"],"aioseo_notices":[],"gutentor_comment":0,"jetpack_featured_media_url":"https:\/\/eldiariodesanpedro.com.ar\/sitio\/wp-content\/uploads\/2015\/11\/scioli-macri.jpg","jetpack_shortlink":"https:\/\/wp.me\/p6RhLt-58","jetpack_sharing_enabled":true,"_links":{"self":[{"href":"https:\/\/eldiariodesanpedro.com.ar\/sitio\/wp-json\/wp\/v2\/posts\/318","targetHints":{"allow":["GET"]}}],"collection":[{"href":"https:\/\/eldiariodesanpedro.com.ar\/sitio\/wp-json\/wp\/v2\/posts"}],"about":[{"href":"https:\/\/eldiariodesanpedro.com.ar\/sitio\/wp-json\/wp\/v2\/types\/post"}],"author":[{"embeddable":true,"href":"https:\/\/eldiariodesanpedro.com.ar\/sitio\/wp-json\/wp\/v2\/users\/4"}],"replies":[{"embeddable":true,"href":"https:\/\/eldiariodesanpedro.com.ar\/sitio\/wp-json\/wp\/v2\/comments?post=318"}],"version-history":[{"count":1,"href":"https:\/\/eldiariodesanpedro.com.ar\/sitio\/wp-json\/wp\/v2\/posts\/318\/revisions"}],"predecessor-version":[{"id":321,"href":"https:\/\/eldiariodesanpedro.com.ar\/sitio\/wp-json\/wp\/v2\/posts\/318\/revisions\/321"}],"wp:featuredmedia":[{"embeddable":true,"href":"https:\/\/eldiariodesanpedro.com.ar\/sitio\/wp-json\/wp\/v2\/media\/320"}],"wp:attachment":[{"href":"https:\/\/eldiariodesanpedro.com.ar\/sitio\/wp-json\/wp\/v2\/media?parent=318"}],"wp:term":[{"taxonomy":"category","embeddable":true,"href":"https:\/\/eldiariodesanpedro.com.ar\/sitio\/wp-json\/wp\/v2\/categories?post=318"},{"taxonomy":"post_tag","embeddable":true,"href":"https:\/\/eldiariodesanpedro.com.ar\/sitio\/wp-json\/wp\/v2\/tags?post=318"}],"curies":[{"name":"wp","href":"https:\/\/api.w.org\/{rel}","templated":true}]}}