{"id":31752,"date":"2018-04-17T12:30:29","date_gmt":"2018-04-17T15:30:29","guid":{"rendered":"https:\/\/eldiariodesanpedro.com.ar\/sitio\/?p=31752"},"modified":"2018-04-17T12:30:29","modified_gmt":"2018-04-17T15:30:29","slug":"se-continuara-con-la-vacunacion-antigripal","status":"publish","type":"post","link":"https:\/\/eldiariodesanpedro.com.ar\/sitio\/se-continuara-con-la-vacunacion-antigripal\/","title":{"rendered":"Se continuar\u00e1 con la Vacunaci\u00f3n Antigripal"},"content":{"rendered":"<p><!-- VideographyWP Plugin Message: Automatic video embedding prevented by plugin options. --><br \/>\nLa Secretaria de Salud informa que el mi\u00e9rcoles 18 de Abril, en la Peatonal, de 9 a 13 hs, se continuar\u00e1 con la campa\u00f1a de vacunaci\u00f3n antigripal y neumon\u00eda.<\/p>\n<p>Se recuerda quienes deben vacunarse:<br \/>\n-Personal de Salud<br \/>\n-Embarazadas<br \/>\n-Pu\u00e9rperas hasta los 10 d\u00edas postparto<br \/>\n-Ni\u00f1os de 6 meses a 2 a\u00f1os<br \/>\n-Adultos a partir de los 65 a\u00f1os.<br \/>\n-Ni\u00f1os mayores de 2 a\u00f1os y adultos hasta 65 a\u00f1os con factores de riesgo, se vacunaran con prescripci\u00f3n m\u00e9dica.<\/p>\n<p>Asimismo se informa que todos aquellos que tienen como prestaci\u00f3n Pami pueden vacunarse en el punto. Las personas con IOMA solicitamos que se dirijan a las farmacias ya que se encuentra disponible la vacuna. <\/p>\n","protected":false},"excerpt":{"rendered":"<p>La Secretaria de Salud informa que el mi\u00e9rcoles 18 de Abril, en la Peatonal, de 9 a 13 hs, se continuar\u00e1 con la campa\u00f1a de vacunaci\u00f3n antigripal y neumon\u00eda. Se recuerda quienes deben vacunarse: -Personal de Salud -Embarazadas -Pu\u00e9rperas hasta los 10 d\u00edas postparto -Ni\u00f1os de 6 meses a 2 a\u00f1os -Adultos a partir de [&hellip;]<\/p>\n","protected":false},"author":4,"featured_media":31753,"comment_status":"open","ping_status":"closed","sticky":false,"template":"","format":"standard","meta":{"om_disable_all_campaigns":false,"_jetpack_memberships_contains_paid_content":false,"footnotes":""},"categories":[101,2],"tags":[],"class_list":["post-31752","post","type-post","status-publish","format-standard","has-post-thumbnail","hentry","category-interes-general-locales","category-locales"],"aioseo_notices":[],"gutentor_comment":0,"jetpack_featured_media_url":"https:\/\/eldiariodesanpedro.com.ar\/sitio\/wp-content\/uploads\/2018\/04\/vacunacionmiercoles182018.png","jetpack_shortlink":"https:\/\/wp.me\/p6RhLt-8g8","jetpack_sharing_enabled":true,"_links":{"self":[{"href":"https:\/\/eldiariodesanpedro.com.ar\/sitio\/wp-json\/wp\/v2\/posts\/31752","targetHints":{"allow":["GET"]}}],"collection":[{"href":"https:\/\/eldiariodesanpedro.com.ar\/sitio\/wp-json\/wp\/v2\/posts"}],"about":[{"href":"https:\/\/eldiariodesanpedro.com.ar\/sitio\/wp-json\/wp\/v2\/types\/post"}],"author":[{"embeddable":true,"href":"https:\/\/eldiariodesanpedro.com.ar\/sitio\/wp-json\/wp\/v2\/users\/4"}],"replies":[{"embeddable":true,"href":"https:\/\/eldiariodesanpedro.com.ar\/sitio\/wp-json\/wp\/v2\/comments?post=31752"}],"version-history":[{"count":1,"href":"https:\/\/eldiariodesanpedro.com.ar\/sitio\/wp-json\/wp\/v2\/posts\/31752\/revisions"}],"predecessor-version":[{"id":31754,"href":"https:\/\/eldiariodesanpedro.com.ar\/sitio\/wp-json\/wp\/v2\/posts\/31752\/revisions\/31754"}],"wp:featuredmedia":[{"embeddable":true,"href":"https:\/\/eldiariodesanpedro.com.ar\/sitio\/wp-json\/wp\/v2\/media\/31753"}],"wp:attachment":[{"href":"https:\/\/eldiariodesanpedro.com.ar\/sitio\/wp-json\/wp\/v2\/media?parent=31752"}],"wp:term":[{"taxonomy":"category","embeddable":true,"href":"https:\/\/eldiariodesanpedro.com.ar\/sitio\/wp-json\/wp\/v2\/categories?post=31752"},{"taxonomy":"post_tag","embeddable":true,"href":"https:\/\/eldiariodesanpedro.com.ar\/sitio\/wp-json\/wp\/v2\/tags?post=31752"}],"curies":[{"name":"wp","href":"https:\/\/api.w.org\/{rel}","templated":true}]}}