{"id":31740,"date":"2018-04-16T20:43:13","date_gmt":"2018-04-16T23:43:13","guid":{"rendered":"https:\/\/eldiariodesanpedro.com.ar\/sitio\/?p=31740"},"modified":"2026-01-24T00:16:30","modified_gmt":"2026-01-24T03:16:30","slug":"natacion-pescadores-y-nautico-ya-preparan-dos-tradicionales-eventos","status":"publish","type":"post","link":"https:\/\/eldiariodesanpedro.com.ar\/sitio\/natacion-pescadores-y-nautico-ya-preparan-dos-tradicionales-eventos\/","title":{"rendered":"NATACI\u00d3N: Pescadores y N\u00e1utico ya preparan dos tradicionales eventos"},"content":{"rendered":"<p><!-- VideographyWP Plugin Message: Automatic video embedding prevented by plugin options. --><br \/>\n  Por el lado de Pescadores ya est\u00e1 en marcha y s\u00f3lo falta definir el d\u00eda de la marat\u00f3n n\u00e1utica \u201cVuelta de Obligado-San Pedro\u201d que llega a su sexta edici\u00f3n. La misma ser\u00e1 en noviembre.<\/p>\n<p>  Por N\u00e1utico se ha definido una nueva fecha para la edici\u00f3n 2018 de la Marat\u00f3n de Aguas Abiertas organizada por el Club. Este a\u00f1o ser\u00e1 el domingo 2 de diciembre.  Seguro en pocos d\u00edas m\u00e1s tendremos m\u00e1s detalles de cada prueba.<\/p>\n","protected":false},"excerpt":{"rendered":"<p>Por el lado de Pescadores ya est\u00e1 en marcha y s\u00f3lo falta definir el d\u00eda de la marat\u00f3n n\u00e1utica \u201cVuelta de Obligado-San Pedro\u201d que llega a su sexta edici\u00f3n. La misma ser\u00e1 en noviembre. Por N\u00e1utico se ha definido una nueva fecha para la edici\u00f3n 2018 de la Marat\u00f3n de Aguas Abiertas organizada por el [&hellip;]<\/p>\n","protected":false},"author":4,"featured_media":10828,"comment_status":"open","ping_status":"closed","sticky":false,"template":"","format":"standard","meta":{"om_disable_all_campaigns":false,"_jetpack_memberships_contains_paid_content":false,"footnotes":""},"categories":[5],"tags":[],"class_list":["post-31740","post","type-post","status-publish","format-standard","has-post-thumbnail","hentry","category-deportes"],"aioseo_notices":[],"gutentor_comment":0,"jetpack_featured_media_url":"https:\/\/eldiariodesanpedro.com.ar\/sitio\/wp-content\/uploads\/2016\/11\/aguas-abiertas-2.jpg","jetpack_shortlink":"https:\/\/wp.me\/p6RhLt-8fW","jetpack_sharing_enabled":true,"_links":{"self":[{"href":"https:\/\/eldiariodesanpedro.com.ar\/sitio\/wp-json\/wp\/v2\/posts\/31740","targetHints":{"allow":["GET"]}}],"collection":[{"href":"https:\/\/eldiariodesanpedro.com.ar\/sitio\/wp-json\/wp\/v2\/posts"}],"about":[{"href":"https:\/\/eldiariodesanpedro.com.ar\/sitio\/wp-json\/wp\/v2\/types\/post"}],"author":[{"embeddable":true,"href":"https:\/\/eldiariodesanpedro.com.ar\/sitio\/wp-json\/wp\/v2\/users\/4"}],"replies":[{"embeddable":true,"href":"https:\/\/eldiariodesanpedro.com.ar\/sitio\/wp-json\/wp\/v2\/comments?post=31740"}],"version-history":[{"count":2,"href":"https:\/\/eldiariodesanpedro.com.ar\/sitio\/wp-json\/wp\/v2\/posts\/31740\/revisions"}],"predecessor-version":[{"id":31744,"href":"https:\/\/eldiariodesanpedro.com.ar\/sitio\/wp-json\/wp\/v2\/posts\/31740\/revisions\/31744"}],"wp:featuredmedia":[{"embeddable":true,"href":"https:\/\/eldiariodesanpedro.com.ar\/sitio\/wp-json\/wp\/v2\/media\/10828"}],"wp:attachment":[{"href":"https:\/\/eldiariodesanpedro.com.ar\/sitio\/wp-json\/wp\/v2\/media?parent=31740"}],"wp:term":[{"taxonomy":"category","embeddable":true,"href":"https:\/\/eldiariodesanpedro.com.ar\/sitio\/wp-json\/wp\/v2\/categories?post=31740"},{"taxonomy":"post_tag","embeddable":true,"href":"https:\/\/eldiariodesanpedro.com.ar\/sitio\/wp-json\/wp\/v2\/tags?post=31740"}],"curies":[{"name":"wp","href":"https:\/\/api.w.org\/{rel}","templated":true}]}}