{"id":31735,"date":"2018-04-16T20:20:00","date_gmt":"2018-04-16T23:20:00","guid":{"rendered":"https:\/\/eldiariodesanpedro.com.ar\/sitio\/?p=31735"},"modified":"2018-04-16T20:20:00","modified_gmt":"2018-04-16T23:20:00","slug":"convenios-de-colaboracion-entre-el-ministerio-de-seguridad-de-la-nacion-y-anses","status":"publish","type":"post","link":"https:\/\/eldiariodesanpedro.com.ar\/sitio\/convenios-de-colaboracion-entre-el-ministerio-de-seguridad-de-la-nacion-y-anses\/","title":{"rendered":"Convenios de colaboraci\u00f3n entre el Ministerio de Seguridad de la Naci\u00f3n y ANSES"},"content":{"rendered":"<p><!-- VideographyWP Plugin Message: Automatic video embedding prevented by plugin options. --><br \/>\n  La Ministro de Seguridad de la Naci\u00f3n Patricia Bullrich y, el Director Ejecutivo de ANSES, Emilio Basavilbaso, firmaron convenios de colaboraci\u00f3n institucional para realizar acciones conjuntas relacionadas con la promoci\u00f3n y el fortalecimiento de la seguridad de las personas, en el marco de una cultura basada en el respeto a los Derechos Humanos.<\/p>\n<p>  Adem\u00e1s, los funcionarios acordaron optimizar la actuaci\u00f3n del Estado en materia de b\u00fasqueda de personas extraviadas o que posean alg\u00fan tipo de requerimiento judicial.<\/p>\n","protected":false},"excerpt":{"rendered":"<p>La Ministro de Seguridad de la Naci\u00f3n Patricia Bullrich y, el Director Ejecutivo de ANSES, Emilio Basavilbaso, firmaron convenios de colaboraci\u00f3n institucional para realizar acciones conjuntas relacionadas con la promoci\u00f3n y el fortalecimiento de la seguridad de las personas, en el marco de una cultura basada en el respeto a los Derechos Humanos. Adem\u00e1s, los [&hellip;]<\/p>\n","protected":false},"author":4,"featured_media":2499,"comment_status":"open","ping_status":"closed","sticky":false,"template":"","format":"standard","meta":{"om_disable_all_campaigns":false,"_jetpack_memberships_contains_paid_content":false,"footnotes":""},"categories":[101,2],"tags":[],"class_list":["post-31735","post","type-post","status-publish","format-standard","has-post-thumbnail","hentry","category-interes-general-locales","category-locales"],"aioseo_notices":[],"gutentor_comment":0,"jetpack_featured_media_url":"https:\/\/eldiariodesanpedro.com.ar\/sitio\/wp-content\/uploads\/2016\/03\/53614_p7-anses.jpg","jetpack_shortlink":"https:\/\/wp.me\/p6RhLt-8fR","jetpack_sharing_enabled":true,"_links":{"self":[{"href":"https:\/\/eldiariodesanpedro.com.ar\/sitio\/wp-json\/wp\/v2\/posts\/31735","targetHints":{"allow":["GET"]}}],"collection":[{"href":"https:\/\/eldiariodesanpedro.com.ar\/sitio\/wp-json\/wp\/v2\/posts"}],"about":[{"href":"https:\/\/eldiariodesanpedro.com.ar\/sitio\/wp-json\/wp\/v2\/types\/post"}],"author":[{"embeddable":true,"href":"https:\/\/eldiariodesanpedro.com.ar\/sitio\/wp-json\/wp\/v2\/users\/4"}],"replies":[{"embeddable":true,"href":"https:\/\/eldiariodesanpedro.com.ar\/sitio\/wp-json\/wp\/v2\/comments?post=31735"}],"version-history":[{"count":1,"href":"https:\/\/eldiariodesanpedro.com.ar\/sitio\/wp-json\/wp\/v2\/posts\/31735\/revisions"}],"predecessor-version":[{"id":31736,"href":"https:\/\/eldiariodesanpedro.com.ar\/sitio\/wp-json\/wp\/v2\/posts\/31735\/revisions\/31736"}],"wp:featuredmedia":[{"embeddable":true,"href":"https:\/\/eldiariodesanpedro.com.ar\/sitio\/wp-json\/wp\/v2\/media\/2499"}],"wp:attachment":[{"href":"https:\/\/eldiariodesanpedro.com.ar\/sitio\/wp-json\/wp\/v2\/media?parent=31735"}],"wp:term":[{"taxonomy":"category","embeddable":true,"href":"https:\/\/eldiariodesanpedro.com.ar\/sitio\/wp-json\/wp\/v2\/categories?post=31735"},{"taxonomy":"post_tag","embeddable":true,"href":"https:\/\/eldiariodesanpedro.com.ar\/sitio\/wp-json\/wp\/v2\/tags?post=31735"}],"curies":[{"name":"wp","href":"https:\/\/api.w.org\/{rel}","templated":true}]}}