{"id":31729,"date":"2018-04-16T18:44:12","date_gmt":"2018-04-16T21:44:12","guid":{"rendered":"https:\/\/eldiariodesanpedro.com.ar\/sitio\/?p=31729"},"modified":"2018-04-16T18:44:12","modified_gmt":"2018-04-16T21:44:12","slug":"aguero-dono-un-telefax-para-la-comisaria","status":"publish","type":"post","link":"https:\/\/eldiariodesanpedro.com.ar\/sitio\/aguero-dono-un-telefax-para-la-comisaria\/","title":{"rendered":"Ag\u00fcero don\u00f3 un telefax para la comisaria"},"content":{"rendered":"<p><!-- VideographyWP Plugin Message: Automatic video embedding prevented by plugin options. --><br \/>\nEn entrevista con el Comisario Juan Catalano nos informo y solicito realizar un agradecimiento por parte del personal a su cargo de la Comisar\u00eda de San Pedro al Director de Coordinaci\u00f3n Policial de la Municipalidad de San Pedro, Juan Carlos Ag\u00fcero por la donaci\u00f3n del telefax para la dependencia el cual es de suma utilidad para la labor diaria.<\/p>\n","protected":false},"excerpt":{"rendered":"<p>En entrevista con el Comisario Juan Catalano nos informo y solicito realizar un agradecimiento por parte del personal a su cargo de la Comisar\u00eda de San Pedro al Director de Coordinaci\u00f3n Policial de la Municipalidad de San Pedro, Juan Carlos Ag\u00fcero por la donaci\u00f3n del telefax para la dependencia el cual es de suma utilidad [&hellip;]<\/p>\n","protected":false},"author":4,"featured_media":31730,"comment_status":"open","ping_status":"closed","sticky":false,"template":"","format":"standard","meta":{"om_disable_all_campaigns":false,"_jetpack_memberships_contains_paid_content":false,"footnotes":""},"categories":[101,2],"tags":[],"class_list":["post-31729","post","type-post","status-publish","format-standard","has-post-thumbnail","hentry","category-interes-general-locales","category-locales"],"aioseo_notices":[],"gutentor_comment":0,"jetpack_featured_media_url":"https:\/\/eldiariodesanpedro.com.ar\/sitio\/wp-content\/uploads\/2018\/04\/PAGINA-3-2.jpeg","jetpack_shortlink":"https:\/\/wp.me\/p6RhLt-8fL","jetpack_sharing_enabled":true,"_links":{"self":[{"href":"https:\/\/eldiariodesanpedro.com.ar\/sitio\/wp-json\/wp\/v2\/posts\/31729","targetHints":{"allow":["GET"]}}],"collection":[{"href":"https:\/\/eldiariodesanpedro.com.ar\/sitio\/wp-json\/wp\/v2\/posts"}],"about":[{"href":"https:\/\/eldiariodesanpedro.com.ar\/sitio\/wp-json\/wp\/v2\/types\/post"}],"author":[{"embeddable":true,"href":"https:\/\/eldiariodesanpedro.com.ar\/sitio\/wp-json\/wp\/v2\/users\/4"}],"replies":[{"embeddable":true,"href":"https:\/\/eldiariodesanpedro.com.ar\/sitio\/wp-json\/wp\/v2\/comments?post=31729"}],"version-history":[{"count":1,"href":"https:\/\/eldiariodesanpedro.com.ar\/sitio\/wp-json\/wp\/v2\/posts\/31729\/revisions"}],"predecessor-version":[{"id":31731,"href":"https:\/\/eldiariodesanpedro.com.ar\/sitio\/wp-json\/wp\/v2\/posts\/31729\/revisions\/31731"}],"wp:featuredmedia":[{"embeddable":true,"href":"https:\/\/eldiariodesanpedro.com.ar\/sitio\/wp-json\/wp\/v2\/media\/31730"}],"wp:attachment":[{"href":"https:\/\/eldiariodesanpedro.com.ar\/sitio\/wp-json\/wp\/v2\/media?parent=31729"}],"wp:term":[{"taxonomy":"category","embeddable":true,"href":"https:\/\/eldiariodesanpedro.com.ar\/sitio\/wp-json\/wp\/v2\/categories?post=31729"},{"taxonomy":"post_tag","embeddable":true,"href":"https:\/\/eldiariodesanpedro.com.ar\/sitio\/wp-json\/wp\/v2\/tags?post=31729"}],"curies":[{"name":"wp","href":"https:\/\/api.w.org\/{rel}","templated":true}]}}