{"id":31723,"date":"2018-04-16T18:02:12","date_gmt":"2018-04-16T21:02:12","guid":{"rendered":"https:\/\/eldiariodesanpedro.com.ar\/sitio\/?p=31723"},"modified":"2018-04-16T18:02:12","modified_gmt":"2018-04-16T21:02:12","slug":"zarate-llega-a-el-mamografo-movil-avon-l-a-l-c-e-c-que-realizara-mamografias-gratuitas","status":"publish","type":"post","link":"https:\/\/eldiariodesanpedro.com.ar\/sitio\/zarate-llega-a-el-mamografo-movil-avon-l-a-l-c-e-c-que-realizara-mamografias-gratuitas\/","title":{"rendered":"Z\u00c1RATE: Llega a el mam\u00f3grafo m\u00f3vil AVON \u2013 L.A.L.C.E.C. que realizar\u00e1 mamograf\u00edas gratuitas"},"content":{"rendered":"<p><!-- VideographyWP Plugin Message: Automatic video embedding prevented by plugin options. --><br \/>\nLa Liga Argentina de Lucha Contra el C\u00e1ncer en Z\u00e1rate inform\u00f3 que el mam\u00f3grafo m\u00f3vil AVON \u2013 L.A.L.C.E.C. realizar\u00e1 mamograf\u00edas gratuitas, con el apoyo y la colaboraci\u00f3n del Hospital Zonal \u201cVirgen del Carmen\u201d.<\/p>\n<p>Son 180 mamograf\u00edas gratuitas, para personas de 40 a 65 a\u00f1os, sin obra social.<\/p>\n<p>Los turnos se dar\u00e1n de lunes a viernes de 10 a 12 hs y los jueves hasta las 15 hs., en el Centro Integrador Comunitario (CIC) ubicado en Pellegrini al 2005, esq. Agust\u00edn \u00c1lvarez.<\/p>\n<p>El m\u00f3vil atender\u00e1 del 14 al 17 de mayo desde las 8 hs. en el nosocomio local.<\/p>\n<p>Fuente: Enlace Critico<\/p>\n","protected":false},"excerpt":{"rendered":"<p>La Liga Argentina de Lucha Contra el C\u00e1ncer en Z\u00e1rate inform\u00f3 que el mam\u00f3grafo m\u00f3vil AVON \u2013 L.A.L.C.E.C. realizar\u00e1 mamograf\u00edas gratuitas, con el apoyo y la colaboraci\u00f3n del Hospital Zonal \u201cVirgen del Carmen\u201d. Son 180 mamograf\u00edas gratuitas, para personas de 40 a 65 a\u00f1os, sin obra social. Los turnos se dar\u00e1n de lunes a viernes [&hellip;]<\/p>\n","protected":false},"author":4,"featured_media":31724,"comment_status":"open","ping_status":"closed","sticky":false,"template":"","format":"standard","meta":{"om_disable_all_campaigns":false,"_jetpack_memberships_contains_paid_content":false,"footnotes":""},"categories":[621],"tags":[],"class_list":["post-31723","post","type-post","status-publish","format-standard","has-post-thumbnail","hentry","category-regionales"],"aioseo_notices":[],"gutentor_comment":0,"jetpack_featured_media_url":"https:\/\/eldiariodesanpedro.com.ar\/sitio\/wp-content\/uploads\/2018\/04\/PAGINA-7-DOS-1.jpg","jetpack_shortlink":"https:\/\/wp.me\/p6RhLt-8fF","jetpack_sharing_enabled":true,"_links":{"self":[{"href":"https:\/\/eldiariodesanpedro.com.ar\/sitio\/wp-json\/wp\/v2\/posts\/31723","targetHints":{"allow":["GET"]}}],"collection":[{"href":"https:\/\/eldiariodesanpedro.com.ar\/sitio\/wp-json\/wp\/v2\/posts"}],"about":[{"href":"https:\/\/eldiariodesanpedro.com.ar\/sitio\/wp-json\/wp\/v2\/types\/post"}],"author":[{"embeddable":true,"href":"https:\/\/eldiariodesanpedro.com.ar\/sitio\/wp-json\/wp\/v2\/users\/4"}],"replies":[{"embeddable":true,"href":"https:\/\/eldiariodesanpedro.com.ar\/sitio\/wp-json\/wp\/v2\/comments?post=31723"}],"version-history":[{"count":1,"href":"https:\/\/eldiariodesanpedro.com.ar\/sitio\/wp-json\/wp\/v2\/posts\/31723\/revisions"}],"predecessor-version":[{"id":31725,"href":"https:\/\/eldiariodesanpedro.com.ar\/sitio\/wp-json\/wp\/v2\/posts\/31723\/revisions\/31725"}],"wp:featuredmedia":[{"embeddable":true,"href":"https:\/\/eldiariodesanpedro.com.ar\/sitio\/wp-json\/wp\/v2\/media\/31724"}],"wp:attachment":[{"href":"https:\/\/eldiariodesanpedro.com.ar\/sitio\/wp-json\/wp\/v2\/media?parent=31723"}],"wp:term":[{"taxonomy":"category","embeddable":true,"href":"https:\/\/eldiariodesanpedro.com.ar\/sitio\/wp-json\/wp\/v2\/categories?post=31723"},{"taxonomy":"post_tag","embeddable":true,"href":"https:\/\/eldiariodesanpedro.com.ar\/sitio\/wp-json\/wp\/v2\/tags?post=31723"}],"curies":[{"name":"wp","href":"https:\/\/api.w.org\/{rel}","templated":true}]}}