{"id":31720,"date":"2018-04-16T17:53:45","date_gmt":"2018-04-16T20:53:45","guid":{"rendered":"https:\/\/eldiariodesanpedro.com.ar\/sitio\/?p=31720"},"modified":"2018-04-16T18:05:29","modified_gmt":"2018-04-16T21:05:29","slug":"baradero-choque-en-cadena-en-la-zona-del-paseo-del-cristo","status":"publish","type":"post","link":"https:\/\/eldiariodesanpedro.com.ar\/sitio\/baradero-choque-en-cadena-en-la-zona-del-paseo-del-cristo\/","title":{"rendered":"BARADERO: Choque en cadena en la zona del Paseo del Cristo"},"content":{"rendered":"<p><!-- VideographyWP Plugin Message: Automatic video embedding prevented by plugin options. --><br \/>\nEste domingo por la tarde, en la Ruta Provincial N\u00ba 41, en la zona de ingreso vehicular al Paseo Del Cristo, se produjo un accidente que involucr\u00f3 tres veh\u00edculos. Uno de ellos, un m\u00f3vil perteneciente al \u00c1rea de Tr\u00e1nsito municipal.<\/p>\n<p>Seg\u00fan testigos en el lugar una Traffic Renault con caja impact\u00f3 al auto  Chevrolet Corsa Classic que circulaba delante en direcci\u00f3n al acceso de la ciudad. \u00c9ste \u00faltimo a su vez, impact\u00f3 el m\u00f3vil perteneciente a la Municipalidad de Baradero.<\/p>\n<p>El Sub Comisario Mario M\u00e9ndez cont\u00f3 en Contacto Directo que no intervinieron desde la comisar\u00eda en esta colisi\u00f3n de tres veh\u00edculos.  Explic\u00f3 que no fue necesario porque no hubo lesionados y que los damnificados se intercambiaron la informaci\u00f3n necesaria de sus compa\u00f1\u00edas de seguro.<\/p>\n<p>Fuente: Tu Linea Directa<\/p>\n","protected":false},"excerpt":{"rendered":"<p>Este domingo por la tarde, en la Ruta Provincial N\u00ba 41, en la zona de ingreso vehicular al Paseo Del Cristo, se produjo un accidente que involucr\u00f3 tres veh\u00edculos. Uno de ellos, un m\u00f3vil perteneciente al \u00c1rea de Tr\u00e1nsito municipal. Seg\u00fan testigos en el lugar una Traffic Renault con caja impact\u00f3 al auto Chevrolet Corsa [&hellip;]<\/p>\n","protected":false},"author":4,"featured_media":31721,"comment_status":"open","ping_status":"closed","sticky":false,"template":"","format":"standard","meta":{"om_disable_all_campaigns":false,"_jetpack_memberships_contains_paid_content":false,"footnotes":""},"categories":[621],"tags":[],"class_list":["post-31720","post","type-post","status-publish","format-standard","has-post-thumbnail","hentry","category-regionales"],"aioseo_notices":[],"gutentor_comment":0,"jetpack_featured_media_url":"https:\/\/eldiariodesanpedro.com.ar\/sitio\/wp-content\/uploads\/2018\/04\/PAGINA-7-3.jpg","jetpack_shortlink":"https:\/\/wp.me\/p6RhLt-8fC","jetpack_sharing_enabled":true,"_links":{"self":[{"href":"https:\/\/eldiariodesanpedro.com.ar\/sitio\/wp-json\/wp\/v2\/posts\/31720","targetHints":{"allow":["GET"]}}],"collection":[{"href":"https:\/\/eldiariodesanpedro.com.ar\/sitio\/wp-json\/wp\/v2\/posts"}],"about":[{"href":"https:\/\/eldiariodesanpedro.com.ar\/sitio\/wp-json\/wp\/v2\/types\/post"}],"author":[{"embeddable":true,"href":"https:\/\/eldiariodesanpedro.com.ar\/sitio\/wp-json\/wp\/v2\/users\/4"}],"replies":[{"embeddable":true,"href":"https:\/\/eldiariodesanpedro.com.ar\/sitio\/wp-json\/wp\/v2\/comments?post=31720"}],"version-history":[{"count":2,"href":"https:\/\/eldiariodesanpedro.com.ar\/sitio\/wp-json\/wp\/v2\/posts\/31720\/revisions"}],"predecessor-version":[{"id":31726,"href":"https:\/\/eldiariodesanpedro.com.ar\/sitio\/wp-json\/wp\/v2\/posts\/31720\/revisions\/31726"}],"wp:featuredmedia":[{"embeddable":true,"href":"https:\/\/eldiariodesanpedro.com.ar\/sitio\/wp-json\/wp\/v2\/media\/31721"}],"wp:attachment":[{"href":"https:\/\/eldiariodesanpedro.com.ar\/sitio\/wp-json\/wp\/v2\/media?parent=31720"}],"wp:term":[{"taxonomy":"category","embeddable":true,"href":"https:\/\/eldiariodesanpedro.com.ar\/sitio\/wp-json\/wp\/v2\/categories?post=31720"},{"taxonomy":"post_tag","embeddable":true,"href":"https:\/\/eldiariodesanpedro.com.ar\/sitio\/wp-json\/wp\/v2\/tags?post=31720"}],"curies":[{"name":"wp","href":"https:\/\/api.w.org\/{rel}","templated":true}]}}