{"id":31717,"date":"2018-04-16T17:45:34","date_gmt":"2018-04-16T20:45:34","guid":{"rendered":"https:\/\/eldiariodesanpedro.com.ar\/sitio\/?p=31717"},"modified":"2018-04-16T17:45:34","modified_gmt":"2018-04-16T20:45:34","slug":"baradero-alertaron-a-la-policia-por-el-secuestro-de-dos-jovenes-que-paso","status":"publish","type":"post","link":"https:\/\/eldiariodesanpedro.com.ar\/sitio\/baradero-alertaron-a-la-policia-por-el-secuestro-de-dos-jovenes-que-paso\/","title":{"rendered":"BARADERO: Alertaron a la polic\u00eda por el secuestro de dos j\u00f3venes \u00bfQu\u00e9 pas\u00f3?"},"content":{"rendered":"<p><!-- VideographyWP Plugin Message: Automatic video embedding prevented by plugin options. --><br \/>\nEste s\u00e1bado se produjo una particular situaci\u00f3n, por la cual en un primer momento la polic\u00eda fue alertada por el secuestro de dos chicas menores de edad por parte de un taxista. El Sub Comisario Mario M\u00e9ndez brind\u00f3 los detalles de lo sucedido en 105.7 Tu Radio.<\/p>\n<p>El Sub Comisario explic\u00f3 que este s\u00e1bado recibieron informaci\u00f3n de que una menor de 14 y una de 15 a\u00f1os estaban siendo secuestradas y llevadas rumbo a San Pedro. Gracias al GPS del celular de una de ellas, se pudo saber que se encontraban en la estaci\u00f3n de servicio ubicada en el kil\u00f3metro 142 de la Ruta Nacional N\u00ba 9. Al prestar declaraci\u00f3n testimonial una de las j\u00f3venes pudieron comprobar qu\u00e9 era lo que hab\u00eda sucedido.<\/p>\n<p>Explic\u00f3 que las j\u00f3venes tomaron un taxi en el Gran Buenos Aires  solicitando al chofer dirigirse a un domicilio de San Telmo.<\/p>\n<p>Aparentemente una de ellas luego dice que no quieren ir a ese lugar, que si las puede llevar a un domicilio de San Pedro.<\/p>\n<p>El taxista avis\u00f3 a la agencia y autorizaron el viaje porque aport\u00f3 el n\u00famero de DNI de una de las j\u00f3venes y ella habr\u00eda dicho que su pap\u00e1 las aguardaba en dicha localidad y all\u00ed abonar\u00eda el viaje.<\/p>\n<p>Seg\u00fan lo relatado por el Sub Comisario, una de las j\u00f3venes se asust\u00f3 y o no se percat\u00f3 de la situaci\u00f3n en la que estaba siendo parte, por lo que dio aviso a una amiga que ya no estaban yendo a San Telmo y activ\u00f3 el  GPS de su celular.<\/p>\n<p>\u201cA ra\u00edz de eso se logra dar con el remisero y las dos j\u00f3venes que se encontraban en la estaci\u00f3n de servicio del kil\u00f3metro 142\u201d dijo M\u00e9ndez. Una vez all\u00ed localizados fueron trasladados a la dependencia.<\/p>\n<p>\u201cSe logr\u00f3 establecer mediante el testimonio de una de las j\u00f3venes que tenia problemas con su familia y que no quer\u00eda volver. No caben dudas que se estaba fugando de su casa\u201d<\/p>\n<p>El Sub Comisario adem\u00e1s manifest\u00f3 que es com\u00fan que j\u00f3venes utilicen medios de transporte para huir de sus casas.<\/p>\n<p>Fuente: Tu Linea Directa<\/p>\n","protected":false},"excerpt":{"rendered":"<p>Este s\u00e1bado se produjo una particular situaci\u00f3n, por la cual en un primer momento la polic\u00eda fue alertada por el secuestro de dos chicas menores de edad por parte de un taxista. El Sub Comisario Mario M\u00e9ndez brind\u00f3 los detalles de lo sucedido en 105.7 Tu Radio. El Sub Comisario explic\u00f3 que este s\u00e1bado recibieron [&hellip;]<\/p>\n","protected":false},"author":4,"featured_media":31718,"comment_status":"open","ping_status":"closed","sticky":false,"template":"","format":"standard","meta":{"om_disable_all_campaigns":false,"_jetpack_memberships_contains_paid_content":false,"footnotes":""},"categories":[621],"tags":[],"class_list":["post-31717","post","type-post","status-publish","format-standard","has-post-thumbnail","hentry","category-regionales"],"aioseo_notices":[],"gutentor_comment":0,"jetpack_featured_media_url":"https:\/\/eldiariodesanpedro.com.ar\/sitio\/wp-content\/uploads\/2018\/04\/using-smartphone-in-bed-796x398.jpg","jetpack_shortlink":"https:\/\/wp.me\/p6RhLt-8fz","jetpack_sharing_enabled":true,"_links":{"self":[{"href":"https:\/\/eldiariodesanpedro.com.ar\/sitio\/wp-json\/wp\/v2\/posts\/31717","targetHints":{"allow":["GET"]}}],"collection":[{"href":"https:\/\/eldiariodesanpedro.com.ar\/sitio\/wp-json\/wp\/v2\/posts"}],"about":[{"href":"https:\/\/eldiariodesanpedro.com.ar\/sitio\/wp-json\/wp\/v2\/types\/post"}],"author":[{"embeddable":true,"href":"https:\/\/eldiariodesanpedro.com.ar\/sitio\/wp-json\/wp\/v2\/users\/4"}],"replies":[{"embeddable":true,"href":"https:\/\/eldiariodesanpedro.com.ar\/sitio\/wp-json\/wp\/v2\/comments?post=31717"}],"version-history":[{"count":1,"href":"https:\/\/eldiariodesanpedro.com.ar\/sitio\/wp-json\/wp\/v2\/posts\/31717\/revisions"}],"predecessor-version":[{"id":31719,"href":"https:\/\/eldiariodesanpedro.com.ar\/sitio\/wp-json\/wp\/v2\/posts\/31717\/revisions\/31719"}],"wp:featuredmedia":[{"embeddable":true,"href":"https:\/\/eldiariodesanpedro.com.ar\/sitio\/wp-json\/wp\/v2\/media\/31718"}],"wp:attachment":[{"href":"https:\/\/eldiariodesanpedro.com.ar\/sitio\/wp-json\/wp\/v2\/media?parent=31717"}],"wp:term":[{"taxonomy":"category","embeddable":true,"href":"https:\/\/eldiariodesanpedro.com.ar\/sitio\/wp-json\/wp\/v2\/categories?post=31717"},{"taxonomy":"post_tag","embeddable":true,"href":"https:\/\/eldiariodesanpedro.com.ar\/sitio\/wp-json\/wp\/v2\/tags?post=31717"}],"curies":[{"name":"wp","href":"https:\/\/api.w.org\/{rel}","templated":true}]}}