{"id":31713,"date":"2018-04-16T17:40:32","date_gmt":"2018-04-16T20:40:32","guid":{"rendered":"https:\/\/eldiariodesanpedro.com.ar\/sitio\/?p=31713"},"modified":"2018-04-16T17:40:32","modified_gmt":"2018-04-16T20:40:32","slug":"san-nicolas-se-incendio-un-micro-por-una-perdida-de-combustible","status":"publish","type":"post","link":"https:\/\/eldiariodesanpedro.com.ar\/sitio\/san-nicolas-se-incendio-un-micro-por-una-perdida-de-combustible\/","title":{"rendered":"SAN NICOLAS: Se incendi\u00f3 un micro por una p\u00e9rdida de combustible"},"content":{"rendered":"<p><!-- VideographyWP Plugin Message: Automatic video embedding prevented by plugin options. --><br \/>\nEl fuego se desat\u00f3 en la unidad de transporte cuando circulaba por la avenida Savio y la Ruta 188. Inmediatamente arribaron autobombas de bomberos que tuvieron una ardua tarea para sofocar el fuego.<\/p>\n<p>Las llamas se habr\u00edan producido presumiblemente por una p\u00e9rdida de combustible o de aceite que haya ca\u00eddo sobre las partes calientes del motor. <\/p>\n<p>Solamente hubo da\u00f1os materiales ya que los pasajeros del colectivo no sufrieron ning\u00fan tipo de heridas.<\/p>\n<p>Fuente: Diario El Norte<\/p>\n","protected":false},"excerpt":{"rendered":"<p>El fuego se desat\u00f3 en la unidad de transporte cuando circulaba por la avenida Savio y la Ruta 188. Inmediatamente arribaron autobombas de bomberos que tuvieron una ardua tarea para sofocar el fuego. Las llamas se habr\u00edan producido presumiblemente por una p\u00e9rdida de combustible o de aceite que haya ca\u00eddo sobre las partes calientes del [&hellip;]<\/p>\n","protected":false},"author":4,"featured_media":31714,"comment_status":"open","ping_status":"closed","sticky":false,"template":"","format":"standard","meta":{"om_disable_all_campaigns":false,"_jetpack_memberships_contains_paid_content":false,"footnotes":""},"categories":[621],"tags":[],"class_list":["post-31713","post","type-post","status-publish","format-standard","has-post-thumbnail","hentry","category-regionales"],"aioseo_notices":[],"gutentor_comment":0,"jetpack_featured_media_url":"https:\/\/eldiariodesanpedro.com.ar\/sitio\/wp-content\/uploads\/2018\/04\/PAGINA-6-1.jpg","jetpack_shortlink":"https:\/\/wp.me\/p6RhLt-8fv","jetpack_sharing_enabled":true,"_links":{"self":[{"href":"https:\/\/eldiariodesanpedro.com.ar\/sitio\/wp-json\/wp\/v2\/posts\/31713","targetHints":{"allow":["GET"]}}],"collection":[{"href":"https:\/\/eldiariodesanpedro.com.ar\/sitio\/wp-json\/wp\/v2\/posts"}],"about":[{"href":"https:\/\/eldiariodesanpedro.com.ar\/sitio\/wp-json\/wp\/v2\/types\/post"}],"author":[{"embeddable":true,"href":"https:\/\/eldiariodesanpedro.com.ar\/sitio\/wp-json\/wp\/v2\/users\/4"}],"replies":[{"embeddable":true,"href":"https:\/\/eldiariodesanpedro.com.ar\/sitio\/wp-json\/wp\/v2\/comments?post=31713"}],"version-history":[{"count":1,"href":"https:\/\/eldiariodesanpedro.com.ar\/sitio\/wp-json\/wp\/v2\/posts\/31713\/revisions"}],"predecessor-version":[{"id":31715,"href":"https:\/\/eldiariodesanpedro.com.ar\/sitio\/wp-json\/wp\/v2\/posts\/31713\/revisions\/31715"}],"wp:featuredmedia":[{"embeddable":true,"href":"https:\/\/eldiariodesanpedro.com.ar\/sitio\/wp-json\/wp\/v2\/media\/31714"}],"wp:attachment":[{"href":"https:\/\/eldiariodesanpedro.com.ar\/sitio\/wp-json\/wp\/v2\/media?parent=31713"}],"wp:term":[{"taxonomy":"category","embeddable":true,"href":"https:\/\/eldiariodesanpedro.com.ar\/sitio\/wp-json\/wp\/v2\/categories?post=31713"},{"taxonomy":"post_tag","embeddable":true,"href":"https:\/\/eldiariodesanpedro.com.ar\/sitio\/wp-json\/wp\/v2\/tags?post=31713"}],"curies":[{"name":"wp","href":"https:\/\/api.w.org\/{rel}","templated":true}]}}