{"id":31710,"date":"2018-04-16T17:35:03","date_gmt":"2018-04-16T20:35:03","guid":{"rendered":"https:\/\/eldiariodesanpedro.com.ar\/sitio\/?p=31710"},"modified":"2018-04-16T17:35:03","modified_gmt":"2018-04-16T20:35:03","slug":"san-nicolas-detenido-por-robar-y-abusar-de-una-menor-de-15-anos","status":"publish","type":"post","link":"https:\/\/eldiariodesanpedro.com.ar\/sitio\/san-nicolas-detenido-por-robar-y-abusar-de-una-menor-de-15-anos\/","title":{"rendered":"SAN NICOL\u00c1S: Detenido por robar y abusar de una menor de 15 a\u00f1os"},"content":{"rendered":"<p><!-- VideographyWP Plugin Message: Automatic video embedding prevented by plugin options. --><br \/>\nUn sujeto de 18 a\u00f1os fue aprehendido por el Comando de Patrullas en Barrio Villa Piol\u00edn tras protagonizar una pelea con vecinos. Seg\u00fan testimonios le hab\u00eda robado el celular a una menor y abusado sexualmente de ella.<\/p>\n<p>Alrededor de las once de la noche del s\u00e1dabo ingresaron al Hospital San Felipe dos menores de edad, una de 13 y otra de 15 a\u00f1os, con lesiones. En principio se vincul\u00f3 el hecho con un posible robo calificado ya que denunciaban la sustracci\u00f3n de un celular.<\/p>\n<p>R\u00e1pidamente intervino personal de la Comisar\u00eda Segunda y aprehendi\u00f3 en Barrio Villa Piol\u00edn a un sujeto de 18 a\u00f1os, quien momentos antes hab\u00eda protagonizado una ri\u00f1a callejera con otros vecinos. <\/p>\n<p>Recabando testimonios en el lugar se supo que le habr\u00eda sustra\u00eddo el celular a la menor de 15 a\u00f1os quien hab\u00eda aparecido semi desnuda y en estado de shock a la vera de un callej\u00f3n. Por su parte, la hermana de la v\u00edctima, una menor de 13 a\u00f1os, mantuvo una reyerta con el imputado y familiares, por lo que recibi\u00f3 varios cortes en el cuero cabelludo. <\/p>\n<p>Ambas recibieron atenci\u00f3n m\u00e9dica en el Hospital San Felipe y fueron derivadas a la sede de la Comisar\u00eda de la Mujer para exponer su declaraci\u00f3n. <\/p>\n<p>Interviene en la causa la UFI N\u00b010 desde donde se dispuso que se labren actuaciones por \u00abAbuso sexual con acceso carnal y Lesiones\u00bb en la Comisar\u00eda de la Mujer y la Familia. En cuanto al aprehendido quedar\u00e1 detenido a disposici\u00f3n de la justicia mientras de define su situaci\u00f3n procesal.<\/p>\n<p>Fuente: Diario El Informante<\/p>\n","protected":false},"excerpt":{"rendered":"<p>Un sujeto de 18 a\u00f1os fue aprehendido por el Comando de Patrullas en Barrio Villa Piol\u00edn tras protagonizar una pelea con vecinos. Seg\u00fan testimonios le hab\u00eda robado el celular a una menor y abusado sexualmente de ella. Alrededor de las once de la noche del s\u00e1dabo ingresaron al Hospital San Felipe dos menores de edad, [&hellip;]<\/p>\n","protected":false},"author":4,"featured_media":31711,"comment_status":"open","ping_status":"closed","sticky":false,"template":"","format":"standard","meta":{"om_disable_all_campaigns":false,"_jetpack_memberships_contains_paid_content":false,"footnotes":""},"categories":[621],"tags":[],"class_list":["post-31710","post","type-post","status-publish","format-standard","has-post-thumbnail","hentry","category-regionales"],"aioseo_notices":[],"gutentor_comment":0,"jetpack_featured_media_url":"https:\/\/eldiariodesanpedro.com.ar\/sitio\/wp-content\/uploads\/2018\/04\/detenido_abuso.jpg","jetpack_shortlink":"https:\/\/wp.me\/p6RhLt-8fs","jetpack_sharing_enabled":true,"_links":{"self":[{"href":"https:\/\/eldiariodesanpedro.com.ar\/sitio\/wp-json\/wp\/v2\/posts\/31710","targetHints":{"allow":["GET"]}}],"collection":[{"href":"https:\/\/eldiariodesanpedro.com.ar\/sitio\/wp-json\/wp\/v2\/posts"}],"about":[{"href":"https:\/\/eldiariodesanpedro.com.ar\/sitio\/wp-json\/wp\/v2\/types\/post"}],"author":[{"embeddable":true,"href":"https:\/\/eldiariodesanpedro.com.ar\/sitio\/wp-json\/wp\/v2\/users\/4"}],"replies":[{"embeddable":true,"href":"https:\/\/eldiariodesanpedro.com.ar\/sitio\/wp-json\/wp\/v2\/comments?post=31710"}],"version-history":[{"count":1,"href":"https:\/\/eldiariodesanpedro.com.ar\/sitio\/wp-json\/wp\/v2\/posts\/31710\/revisions"}],"predecessor-version":[{"id":31712,"href":"https:\/\/eldiariodesanpedro.com.ar\/sitio\/wp-json\/wp\/v2\/posts\/31710\/revisions\/31712"}],"wp:featuredmedia":[{"embeddable":true,"href":"https:\/\/eldiariodesanpedro.com.ar\/sitio\/wp-json\/wp\/v2\/media\/31711"}],"wp:attachment":[{"href":"https:\/\/eldiariodesanpedro.com.ar\/sitio\/wp-json\/wp\/v2\/media?parent=31710"}],"wp:term":[{"taxonomy":"category","embeddable":true,"href":"https:\/\/eldiariodesanpedro.com.ar\/sitio\/wp-json\/wp\/v2\/categories?post=31710"},{"taxonomy":"post_tag","embeddable":true,"href":"https:\/\/eldiariodesanpedro.com.ar\/sitio\/wp-json\/wp\/v2\/tags?post=31710"}],"curies":[{"name":"wp","href":"https:\/\/api.w.org\/{rel}","templated":true}]}}