{"id":31706,"date":"2018-04-16T17:25:43","date_gmt":"2018-04-16T20:25:43","guid":{"rendered":"https:\/\/eldiariodesanpedro.com.ar\/sitio\/?p=31706"},"modified":"2018-04-16T17:26:22","modified_gmt":"2018-04-16T20:26:22","slug":"31706-2","status":"publish","type":"post","link":"https:\/\/eldiariodesanpedro.com.ar\/sitio\/31706-2\/","title":{"rendered":"Presentaci\u00f3n de nuevas propuestas del BICE para municipios y empresas"},"content":{"rendered":"<p><!-- VideographyWP Plugin Message: Automatic video embedding prevented by plugin options. --><br \/>\nEl Intendente Cecilio Salazar y el Secretario de Coordinaci\u00f3n Dr. Ram\u00f3n Salazar participaron esta ma\u00f1ana de una reuni\u00f3n en el BICE, Banco de Inversi\u00f3n de Comercio Exterior junto a representantes de municipios de la 2\u00b0 y la 4\u00b0 secci\u00f3n electoral.<\/p>\n<p>All\u00ed se brindaron detalles sobre el lanzamiento de nuevas l\u00edneas crediticias con tasas de inter\u00e9s promocionadas que pueden resultar muy \u00fatiles para PyMES, empresas frut\u00edcolas, financiaci\u00f3n de exportaciones y leasings para municipios. <\/p>\n<p>La presentaci\u00f3n cont\u00f3 con la presencia del Senador Nacional por la Provincia de Buenos Aires Esteban Bulrich, el SubSecretario de Gobierno y Asuntos Municipales de la Provincia de Buenos Aires Alex Campbell y el Ministro de Asuntos Agrarios de la Provincia de Buenos Aires Leonardo Sarquis. <\/p>\n<p>Los funcionarios locales recibieron informaci\u00f3n y contactos para compartir a nivel local con potenciales interesados adem\u00e1s de conocer las opciones que hoy existen para solicitar l\u00edneas de este tipo para proyectos locales.<\/p>\n","protected":false},"excerpt":{"rendered":"<p>El Intendente Cecilio Salazar y el Secretario de Coordinaci\u00f3n Dr. Ram\u00f3n Salazar participaron esta ma\u00f1ana de una reuni\u00f3n en el BICE, Banco de Inversi\u00f3n de Comercio Exterior junto a representantes de municipios de la 2\u00b0 y la 4\u00b0 secci\u00f3n electoral. All\u00ed se brindaron detalles sobre el lanzamiento de nuevas l\u00edneas crediticias con tasas de inter\u00e9s [&hellip;]<\/p>\n","protected":false},"author":4,"featured_media":31707,"comment_status":"open","ping_status":"closed","sticky":false,"template":"","format":"standard","meta":{"om_disable_all_campaigns":false,"_jetpack_memberships_contains_paid_content":false,"footnotes":""},"categories":[101,2],"tags":[],"class_list":["post-31706","post","type-post","status-publish","format-standard","has-post-thumbnail","hentry","category-interes-general-locales","category-locales"],"aioseo_notices":[],"gutentor_comment":0,"jetpack_featured_media_url":"https:\/\/eldiariodesanpedro.com.ar\/sitio\/wp-content\/uploads\/2018\/04\/086a35bfb4557a10abda.jpg","jetpack_shortlink":"https:\/\/wp.me\/p6RhLt-8fo","jetpack_sharing_enabled":true,"_links":{"self":[{"href":"https:\/\/eldiariodesanpedro.com.ar\/sitio\/wp-json\/wp\/v2\/posts\/31706","targetHints":{"allow":["GET"]}}],"collection":[{"href":"https:\/\/eldiariodesanpedro.com.ar\/sitio\/wp-json\/wp\/v2\/posts"}],"about":[{"href":"https:\/\/eldiariodesanpedro.com.ar\/sitio\/wp-json\/wp\/v2\/types\/post"}],"author":[{"embeddable":true,"href":"https:\/\/eldiariodesanpedro.com.ar\/sitio\/wp-json\/wp\/v2\/users\/4"}],"replies":[{"embeddable":true,"href":"https:\/\/eldiariodesanpedro.com.ar\/sitio\/wp-json\/wp\/v2\/comments?post=31706"}],"version-history":[{"count":2,"href":"https:\/\/eldiariodesanpedro.com.ar\/sitio\/wp-json\/wp\/v2\/posts\/31706\/revisions"}],"predecessor-version":[{"id":31709,"href":"https:\/\/eldiariodesanpedro.com.ar\/sitio\/wp-json\/wp\/v2\/posts\/31706\/revisions\/31709"}],"wp:featuredmedia":[{"embeddable":true,"href":"https:\/\/eldiariodesanpedro.com.ar\/sitio\/wp-json\/wp\/v2\/media\/31707"}],"wp:attachment":[{"href":"https:\/\/eldiariodesanpedro.com.ar\/sitio\/wp-json\/wp\/v2\/media?parent=31706"}],"wp:term":[{"taxonomy":"category","embeddable":true,"href":"https:\/\/eldiariodesanpedro.com.ar\/sitio\/wp-json\/wp\/v2\/categories?post=31706"},{"taxonomy":"post_tag","embeddable":true,"href":"https:\/\/eldiariodesanpedro.com.ar\/sitio\/wp-json\/wp\/v2\/tags?post=31706"}],"curies":[{"name":"wp","href":"https:\/\/api.w.org\/{rel}","templated":true}]}}