{"id":31701,"date":"2018-04-16T17:22:04","date_gmt":"2018-04-16T20:22:04","guid":{"rendered":"https:\/\/eldiariodesanpedro.com.ar\/sitio\/?p=31701"},"modified":"2018-04-16T17:22:04","modified_gmt":"2018-04-16T20:22:04","slug":"charla-sobre-donacion-de-organos-y-extracciones-de-sangre-para-el-banco-del-hospital","status":"publish","type":"post","link":"https:\/\/eldiariodesanpedro.com.ar\/sitio\/charla-sobre-donacion-de-organos-y-extracciones-de-sangre-para-el-banco-del-hospital\/","title":{"rendered":"Charla sobre donaci\u00f3n de \u00f3rganos y extracciones de sangre para el banco del Hospital"},"content":{"rendered":"<p><!-- VideographyWP Plugin Message: Automatic video embedding prevented by plugin options. --><br \/>\nLa Municipalidad de San Pedro a trav\u00e9s de la Secretar\u00eda de Salud informa que se han concretado dos actividades muy importantes dentro de la acciones que lleva adelante en toda la Provincia de Buenos Aires el CUCAIBA, Centro Unico Coordinador de Ablaci\u00f3n e Implante de la Provincia de Buenos Aires.<br \/>\nDentro de las recorridas que efect\u00faan por todo el territorio bonaerense, el pr\u00f3ximo viernes 20 de abril a las 18 en el Sal\u00f3n de Actos de la Escuela Normal se invita a todos los interesados a una charla abierta informativa sobre \u201cDonaci\u00f3n de \u00f3rganos y tejidos para transplante\u201d a cargo del Licenciado Claudio Cruces, referente del CUCAIBA de la Zona Norte de la Provincia de Buenos Aires.<\/p>\n<p>En el panel previsto se desarrollaran temas como el proceso de donaci\u00f3n para trasplante, las diferentes aristas de un procedimiento tan importante y cuestiones relacionadas con la legislaci\u00f3n vigente y con el modo de expresar la voluntad sobre la donaci\u00f3n de \u00f3rganos y tejidos.<\/p>\n<p>Si bien los contenidos disponibles en los sitios oficiales abundante, se entregar\u00e1 tambi\u00e9n material gr\u00e1fico con la informaci\u00f3n m\u00e1s importante sobre la tem\u00e1tica. <\/p>\n<p>Continuando con la agenda, el s\u00e1bado 21 de abril,  el Camion Sanitario de la Zona IV estar\u00e1 estacionado en la esquina de Mitre y San Mart\u00edn (Centro de Comercio e Industria) recibiendo donantes voluntarios de sangre. Quienes deseen realizarlo no deberan guardar ayuno y preferentemente realizar previamente una ingesta de jugos, frutas o infusiones (sin leche ni grasas). <\/p>\n<p>Son requisitos, Concurrir con DNI, Tener entre 18 y 65 a\u00f1os, Pesar mas de 50 kilos y sentirse en buen estado de salud.<\/p>\n<p>Esta actividad es organizada en conjunto con Red Solidaria y el Servicio de Hemoterapia del Hospital Subzonal Emilio Ruffa que ser\u00e1 el destinatario de las donaciones recibidas.<\/p>\n<div data-carousel-extra='{&quot;blog_id&quot;:1,&quot;permalink&quot;:&quot;https:\/\/eldiariodesanpedro.com.ar\/sitio\/charla-sobre-donacion-de-organos-y-extracciones-de-sangre-para-el-banco-del-hospital\/&quot;}' id='gallery-1' class='gallery galleryid-31701 gallery-columns-3 gallery-size-full'><figure class='gallery-item'>\n\t\t\t<div class='gallery-icon landscape'>\n\t\t\t\t<a href='https:\/\/eldiariodesanpedro.com.ar\/sitio\/wp-content\/uploads\/2018\/04\/salud2.jpg'><img decoding=\"async\" width=\"950\" height=\"800\" data-src=\"https:\/\/eldiariodesanpedro.com.ar\/sitio\/wp-content\/uploads\/2018\/04\/salud2.jpg\" class=\"attachment-full size-full lazyload\" alt=\"El Diario de San Pedro | Noticias locales y regionales\" data-srcset=\"https:\/\/eldiariodesanpedro.com.ar\/sitio\/wp-content\/uploads\/2018\/04\/salud2.jpg 950w, https:\/\/eldiariodesanpedro.com.ar\/sitio\/wp-content\/uploads\/2018\/04\/salud2-300x253.jpg 300w, https:\/\/eldiariodesanpedro.com.ar\/sitio\/wp-content\/uploads\/2018\/04\/salud2-768x647.jpg 768w\" data-sizes=\"(max-width: 950px) 100vw, 950px\" data-attachment-id=\"31703\" data-permalink=\"https:\/\/eldiariodesanpedro.com.ar\/sitio\/charla-sobre-donacion-de-organos-y-extracciones-de-sangre-para-el-banco-del-hospital\/salud2\/\" data-orig-file=\"https:\/\/eldiariodesanpedro.com.ar\/sitio\/wp-content\/uploads\/2018\/04\/salud2.jpg\" data-orig-size=\"950,800\" data-comments-opened=\"1\" data-image-meta=\"{&quot;aperture&quot;:&quot;0&quot;,&quot;credit&quot;:&quot;&quot;,&quot;camera&quot;:&quot;&quot;,&quot;caption&quot;:&quot;&quot;,&quot;created_timestamp&quot;:&quot;0&quot;,&quot;copyright&quot;:&quot;&quot;,&quot;focal_length&quot;:&quot;0&quot;,&quot;iso&quot;:&quot;0&quot;,&quot;shutter_speed&quot;:&quot;0&quot;,&quot;title&quot;:&quot;&quot;,&quot;orientation&quot;:&quot;0&quot;}\" data-image-title=\"salud2\" data-image-description=\"\" data-image-caption=\"\" data-large-file=\"https:\/\/eldiariodesanpedro.com.ar\/sitio\/wp-content\/uploads\/2018\/04\/salud2.jpg\" src=\"data:image\/svg+xml;base64,PHN2ZyB3aWR0aD0iMSIgaGVpZ2h0PSIxIiB4bWxucz0iaHR0cDovL3d3dy53My5vcmcvMjAwMC9zdmciPjwvc3ZnPg==\" style=\"--smush-placeholder-width: 950px; --smush-placeholder-aspect-ratio: 950\/800;\" \/><\/a>\n\t\t\t<\/div><\/figure><figure class='gallery-item'>\n\t\t\t<div class='gallery-icon landscape'>\n\t\t\t\t<a href='https:\/\/eldiariodesanpedro.com.ar\/sitio\/wp-content\/uploads\/2018\/04\/salud1.jpg'><img decoding=\"async\" width=\"950\" height=\"800\" data-src=\"https:\/\/eldiariodesanpedro.com.ar\/sitio\/wp-content\/uploads\/2018\/04\/salud1.jpg\" class=\"attachment-full size-full lazyload\" alt=\"El Diario de San Pedro | Noticias locales y regionales\" data-srcset=\"https:\/\/eldiariodesanpedro.com.ar\/sitio\/wp-content\/uploads\/2018\/04\/salud1.jpg 950w, https:\/\/eldiariodesanpedro.com.ar\/sitio\/wp-content\/uploads\/2018\/04\/salud1-300x253.jpg 300w, https:\/\/eldiariodesanpedro.com.ar\/sitio\/wp-content\/uploads\/2018\/04\/salud1-768x647.jpg 768w\" data-sizes=\"(max-width: 950px) 100vw, 950px\" data-attachment-id=\"31702\" data-permalink=\"https:\/\/eldiariodesanpedro.com.ar\/sitio\/charla-sobre-donacion-de-organos-y-extracciones-de-sangre-para-el-banco-del-hospital\/salud1\/\" data-orig-file=\"https:\/\/eldiariodesanpedro.com.ar\/sitio\/wp-content\/uploads\/2018\/04\/salud1.jpg\" data-orig-size=\"950,800\" data-comments-opened=\"1\" data-image-meta=\"{&quot;aperture&quot;:&quot;0&quot;,&quot;credit&quot;:&quot;&quot;,&quot;camera&quot;:&quot;&quot;,&quot;caption&quot;:&quot;&quot;,&quot;created_timestamp&quot;:&quot;0&quot;,&quot;copyright&quot;:&quot;&quot;,&quot;focal_length&quot;:&quot;0&quot;,&quot;iso&quot;:&quot;0&quot;,&quot;shutter_speed&quot;:&quot;0&quot;,&quot;title&quot;:&quot;&quot;,&quot;orientation&quot;:&quot;0&quot;}\" data-image-title=\"salud1\" data-image-description=\"\" data-image-caption=\"\" data-large-file=\"https:\/\/eldiariodesanpedro.com.ar\/sitio\/wp-content\/uploads\/2018\/04\/salud1.jpg\" src=\"data:image\/svg+xml;base64,PHN2ZyB3aWR0aD0iMSIgaGVpZ2h0PSIxIiB4bWxucz0iaHR0cDovL3d3dy53My5vcmcvMjAwMC9zdmciPjwvc3ZnPg==\" style=\"--smush-placeholder-width: 950px; --smush-placeholder-aspect-ratio: 950\/800;\" \/><\/a>\n\t\t\t<\/div><\/figure>\n\t\t<\/div>\n\n","protected":false},"excerpt":{"rendered":"<p>La Municipalidad de San Pedro a trav\u00e9s de la Secretar\u00eda de Salud informa que se han concretado dos actividades muy importantes dentro de la acciones que lleva adelante en toda la Provincia de Buenos Aires el CUCAIBA, Centro Unico Coordinador de Ablaci\u00f3n e Implante de la Provincia de Buenos Aires. Dentro de las recorridas que [&hellip;]<\/p>\n","protected":false},"author":4,"featured_media":31704,"comment_status":"open","ping_status":"closed","sticky":false,"template":"","format":"standard","meta":{"om_disable_all_campaigns":false,"_jetpack_memberships_contains_paid_content":false,"footnotes":""},"categories":[101,2],"tags":[],"class_list":["post-31701","post","type-post","status-publish","format-standard","has-post-thumbnail","hentry","category-interes-general-locales","category-locales"],"aioseo_notices":[],"gutentor_comment":0,"jetpack_featured_media_url":"https:\/\/eldiariodesanpedro.com.ar\/sitio\/wp-content\/uploads\/2018\/04\/extraccion-de-sangre.jpg","jetpack_shortlink":"https:\/\/wp.me\/p6RhLt-8fj","jetpack_sharing_enabled":true,"_links":{"self":[{"href":"https:\/\/eldiariodesanpedro.com.ar\/sitio\/wp-json\/wp\/v2\/posts\/31701","targetHints":{"allow":["GET"]}}],"collection":[{"href":"https:\/\/eldiariodesanpedro.com.ar\/sitio\/wp-json\/wp\/v2\/posts"}],"about":[{"href":"https:\/\/eldiariodesanpedro.com.ar\/sitio\/wp-json\/wp\/v2\/types\/post"}],"author":[{"embeddable":true,"href":"https:\/\/eldiariodesanpedro.com.ar\/sitio\/wp-json\/wp\/v2\/users\/4"}],"replies":[{"embeddable":true,"href":"https:\/\/eldiariodesanpedro.com.ar\/sitio\/wp-json\/wp\/v2\/comments?post=31701"}],"version-history":[{"count":1,"href":"https:\/\/eldiariodesanpedro.com.ar\/sitio\/wp-json\/wp\/v2\/posts\/31701\/revisions"}],"predecessor-version":[{"id":31705,"href":"https:\/\/eldiariodesanpedro.com.ar\/sitio\/wp-json\/wp\/v2\/posts\/31701\/revisions\/31705"}],"wp:featuredmedia":[{"embeddable":true,"href":"https:\/\/eldiariodesanpedro.com.ar\/sitio\/wp-json\/wp\/v2\/media\/31704"}],"wp:attachment":[{"href":"https:\/\/eldiariodesanpedro.com.ar\/sitio\/wp-json\/wp\/v2\/media?parent=31701"}],"wp:term":[{"taxonomy":"category","embeddable":true,"href":"https:\/\/eldiariodesanpedro.com.ar\/sitio\/wp-json\/wp\/v2\/categories?post=31701"},{"taxonomy":"post_tag","embeddable":true,"href":"https:\/\/eldiariodesanpedro.com.ar\/sitio\/wp-json\/wp\/v2\/tags?post=31701"}],"curies":[{"name":"wp","href":"https:\/\/api.w.org\/{rel}","templated":true}]}}