{"id":31695,"date":"2018-04-16T12:49:24","date_gmt":"2018-04-16T15:49:24","guid":{"rendered":"https:\/\/eldiariodesanpedro.com.ar\/sitio\/?p=31695"},"modified":"2018-04-16T12:49:24","modified_gmt":"2018-04-16T15:49:24","slug":"el-intendente-recorrio-los-trabajos-en-el-gimnasio-del-estadio","status":"publish","type":"post","link":"https:\/\/eldiariodesanpedro.com.ar\/sitio\/el-intendente-recorrio-los-trabajos-en-el-gimnasio-del-estadio\/","title":{"rendered":"El Intendente recorri\u00f3 los trabajos en el gimnasio del Estadio"},"content":{"rendered":"<p><!-- VideographyWP Plugin Message: Automatic video embedding prevented by plugin options. --><br \/>\nEl Intendente Municipal Cecilio Salazar recorri\u00f3 junto al Director de Deportes de la Municipalidad de San Pedro, Profesor Luis Mar\u00eda Rodr\u00edguez, al Presidente de la Asociaci\u00f3n Sampedrina de Karate, H\u00e9ctor Barcala Y A Paulo Motta, asesor t\u00e9cnico para Sud America, las instalaciones del gimnasio del Estadio Municipal en las que se han venido desarrollando importantes trabajos para recuperar su funcionamiento pleno.<\/p>\n<p>Barcala con su empresa de Servicios Industriales propuso hace algunos meses aportar la mano de obra para estos trabajos y la Municipalidad hizo lo propio con gran parte de los materiales para poder contar con este lugar \u00fanico en San Pedro para clases y encuentros como los que se organizan desde la Direcci\u00f3n y adem\u00e1s para dejarlo en las mejores condiciones posibles para los torneos internacionales que se organizan desde la Asociaci\u00f3n de Karate.<\/p>\n<p>Durante las \u00faltimas semanas se coloc\u00f3 membrana l\u00edquida en el techo se repararon sectores da\u00f1ados y se hidrolavaron las paredes m\u00e1s la instalaci\u00f3n de un nuevo  tablero el\u00e9ctrico. Los funcionarios recorrieron el lugar y destacaron la importancia de estos trabajos en conjunto para el deporte sampedrino. El Intendente adem\u00e1s tom\u00f3 nota de otras necesidades que se seguir\u00e1n gestionando para  darle mejores condiciones al lugar.<\/p>\n","protected":false},"excerpt":{"rendered":"<p>El Intendente Municipal Cecilio Salazar recorri\u00f3 junto al Director de Deportes de la Municipalidad de San Pedro, Profesor Luis Mar\u00eda Rodr\u00edguez, al Presidente de la Asociaci\u00f3n Sampedrina de Karate, H\u00e9ctor Barcala Y A Paulo Motta, asesor t\u00e9cnico para Sud America, las instalaciones del gimnasio del Estadio Municipal en las que se han venido desarrollando importantes [&hellip;]<\/p>\n","protected":false},"author":4,"featured_media":31696,"comment_status":"open","ping_status":"closed","sticky":false,"template":"","format":"standard","meta":{"om_disable_all_campaigns":false,"_jetpack_memberships_contains_paid_content":false,"footnotes":""},"categories":[101,2],"tags":[],"class_list":["post-31695","post","type-post","status-publish","format-standard","has-post-thumbnail","hentry","category-interes-general-locales","category-locales"],"aioseo_notices":[],"gutentor_comment":0,"jetpack_featured_media_url":"https:\/\/eldiariodesanpedro.com.ar\/sitio\/wp-content\/uploads\/2018\/04\/GIM32018.jpg","jetpack_shortlink":"https:\/\/wp.me\/p6RhLt-8fd","jetpack_sharing_enabled":true,"_links":{"self":[{"href":"https:\/\/eldiariodesanpedro.com.ar\/sitio\/wp-json\/wp\/v2\/posts\/31695","targetHints":{"allow":["GET"]}}],"collection":[{"href":"https:\/\/eldiariodesanpedro.com.ar\/sitio\/wp-json\/wp\/v2\/posts"}],"about":[{"href":"https:\/\/eldiariodesanpedro.com.ar\/sitio\/wp-json\/wp\/v2\/types\/post"}],"author":[{"embeddable":true,"href":"https:\/\/eldiariodesanpedro.com.ar\/sitio\/wp-json\/wp\/v2\/users\/4"}],"replies":[{"embeddable":true,"href":"https:\/\/eldiariodesanpedro.com.ar\/sitio\/wp-json\/wp\/v2\/comments?post=31695"}],"version-history":[{"count":1,"href":"https:\/\/eldiariodesanpedro.com.ar\/sitio\/wp-json\/wp\/v2\/posts\/31695\/revisions"}],"predecessor-version":[{"id":31697,"href":"https:\/\/eldiariodesanpedro.com.ar\/sitio\/wp-json\/wp\/v2\/posts\/31695\/revisions\/31697"}],"wp:featuredmedia":[{"embeddable":true,"href":"https:\/\/eldiariodesanpedro.com.ar\/sitio\/wp-json\/wp\/v2\/media\/31696"}],"wp:attachment":[{"href":"https:\/\/eldiariodesanpedro.com.ar\/sitio\/wp-json\/wp\/v2\/media?parent=31695"}],"wp:term":[{"taxonomy":"category","embeddable":true,"href":"https:\/\/eldiariodesanpedro.com.ar\/sitio\/wp-json\/wp\/v2\/categories?post=31695"},{"taxonomy":"post_tag","embeddable":true,"href":"https:\/\/eldiariodesanpedro.com.ar\/sitio\/wp-json\/wp\/v2\/tags?post=31695"}],"curies":[{"name":"wp","href":"https:\/\/api.w.org\/{rel}","templated":true}]}}