{"id":31690,"date":"2018-04-16T12:33:08","date_gmt":"2018-04-16T15:33:08","guid":{"rendered":"https:\/\/eldiariodesanpedro.com.ar\/sitio\/?p=31690"},"modified":"2018-04-16T16:45:26","modified_gmt":"2018-04-16T19:45:26","slug":"paro-y-protesta-en-una-fabrica-de-bolsas-de-residuos-por-falta-de-pago-de-haberes","status":"publish","type":"post","link":"https:\/\/eldiariodesanpedro.com.ar\/sitio\/paro-y-protesta-en-una-fabrica-de-bolsas-de-residuos-por-falta-de-pago-de-haberes\/","title":{"rendered":"Paro y protesta en una f\u00e1brica de bolsas de residuos por falta de pago de haberes"},"content":{"rendered":"<p><!-- VideographyWP Plugin Message: Automatic video embedding prevented by plugin options. --><br \/>\n  Este lunes comenz\u00f3 la semana con una protesta de los empleados de la f\u00e1brica pl\u00e1sticos Saladino, donde antiguamente funcionaba la f\u00e1brica de comidas congeladas Mar\u00edtima Heinlein en la localidad de R\u00edo Tala, sobre la vieja Ruta Nacional 9, a metros de pre-moldeados de cemento Prear.<br \/>\nPl\u00e1sticos Saladino se dedica a la fabricaci\u00f3n de bolsas de residuos, entre otros productos.  La empresa pertenece a Jos\u00e9 y Axel Saladino, con quienes tratamos de dialogar, pero s\u00f3lo obtuvimos una negativa de su parte.<\/p>\n<p>  En di\u00e1logo con uno de sus empleados, pudimos conocer que la protesta se realiza por el pedido de pago de sueldos atrasados, a algunos empleados se les adeudar\u00edan hasta dos meses de pago de haberes. Tambi\u00e9n se reclama por las malas condiciones de trabajo, irregularidades y, hasta trabajo esclavo para empleados venezolanos que, se encontrar\u00edan durmiendo en una casa detr\u00e1s de la f\u00e1brica.<br \/>\n  Alrededor de 25 ser\u00edan los empleados que reclaman sus derechos, en su mayor\u00eda oriundos de la localidad de R\u00edo Tala y otros, provenientes de Misiones y Venezuela, que adem\u00e1s de sufrir la falta de pago de haberes, corren el riesgo de ser desalojados de sus domicilios porque no han podido pagar el alquiler.<br \/>\n  Adem\u00e1s, los empleados contaron que la f\u00e1brica a finales del a\u00f1o 2017 pas\u00f3 por un complicado momento, en que la producci\u00f3n disminuy\u00f3 considerablemente, pero aseguran que desde hace dos meses esta aument\u00f3 considerablemente. Es por esto que ellos creen que no habr\u00eda motivos para no pagar.<\/p>\n<p>  Los empleados sostienen que no est\u00e1n amparados por ning\u00fan sindicato, ya que la mayor\u00eda de los empleados estar\u00eda bajo condiciones laborales informales, es decir, en \u201cnegro\u201d. Cuentan tambi\u00e9n, que ha sido una decisi\u00f3n propia la de parar, ya que no aguantaban m\u00e1s la situaci\u00f3n que atraviesan.<br \/>\n  Ahora, se encuentran a la espera de una respuesta de los propietarios, quienes ya les habr\u00edan ofrecido \u00abunos pesos\u00bb para que vuelvan a sus puestos de trabajo. Esta oferta fue rechazada porque quieren cobrar la totalidad de la deuda para poder pagar sus gastos.<\/p>\n<p>  En cuanto a la denuncia por trabajo esclavo, los empleados aseveraron que un grupo de venezolanos estar\u00eda durmiendo en una vivienda ubicada dentro del predio de la empresa en estado de abandono, durmiendo en el piso, cocinando con le\u00f1a y en condiciones indignas desde todo punto de vista.<\/p>\n","protected":false},"excerpt":{"rendered":"<p>Este lunes comenz\u00f3 la semana con una protesta de los empleados de la f\u00e1brica pl\u00e1sticos Saladino, donde antiguamente funcionaba la f\u00e1brica de comidas congeladas Mar\u00edtima Heinlein en la localidad de R\u00edo Tala, sobre la vieja Ruta Nacional 9, a metros de pre-moldeados de cemento Prear. Pl\u00e1sticos Saladino se dedica a la fabricaci\u00f3n de bolsas de [&hellip;]<\/p>\n","protected":false},"author":4,"featured_media":31693,"comment_status":"open","ping_status":"closed","sticky":false,"template":"","format":"standard","meta":{"om_disable_all_campaigns":false,"_jetpack_memberships_contains_paid_content":false,"footnotes":""},"categories":[50,101,2],"tags":[],"class_list":["post-31690","post","type-post","status-publish","format-standard","has-post-thumbnail","hentry","category-destacadas","category-interes-general-locales","category-locales"],"aioseo_notices":[],"gutentor_comment":0,"jetpack_featured_media_url":"https:\/\/eldiariodesanpedro.com.ar\/sitio\/wp-content\/uploads\/2018\/04\/IMG-20180416-WA0014.jpg","jetpack_shortlink":"https:\/\/wp.me\/p6RhLt-8f8","jetpack_sharing_enabled":true,"_links":{"self":[{"href":"https:\/\/eldiariodesanpedro.com.ar\/sitio\/wp-json\/wp\/v2\/posts\/31690","targetHints":{"allow":["GET"]}}],"collection":[{"href":"https:\/\/eldiariodesanpedro.com.ar\/sitio\/wp-json\/wp\/v2\/posts"}],"about":[{"href":"https:\/\/eldiariodesanpedro.com.ar\/sitio\/wp-json\/wp\/v2\/types\/post"}],"author":[{"embeddable":true,"href":"https:\/\/eldiariodesanpedro.com.ar\/sitio\/wp-json\/wp\/v2\/users\/4"}],"replies":[{"embeddable":true,"href":"https:\/\/eldiariodesanpedro.com.ar\/sitio\/wp-json\/wp\/v2\/comments?post=31690"}],"version-history":[{"count":4,"href":"https:\/\/eldiariodesanpedro.com.ar\/sitio\/wp-json\/wp\/v2\/posts\/31690\/revisions"}],"predecessor-version":[{"id":31700,"href":"https:\/\/eldiariodesanpedro.com.ar\/sitio\/wp-json\/wp\/v2\/posts\/31690\/revisions\/31700"}],"wp:featuredmedia":[{"embeddable":true,"href":"https:\/\/eldiariodesanpedro.com.ar\/sitio\/wp-json\/wp\/v2\/media\/31693"}],"wp:attachment":[{"href":"https:\/\/eldiariodesanpedro.com.ar\/sitio\/wp-json\/wp\/v2\/media?parent=31690"}],"wp:term":[{"taxonomy":"category","embeddable":true,"href":"https:\/\/eldiariodesanpedro.com.ar\/sitio\/wp-json\/wp\/v2\/categories?post=31690"},{"taxonomy":"post_tag","embeddable":true,"href":"https:\/\/eldiariodesanpedro.com.ar\/sitio\/wp-json\/wp\/v2\/tags?post=31690"}],"curies":[{"name":"wp","href":"https:\/\/api.w.org\/{rel}","templated":true}]}}