{"id":31688,"date":"2018-04-16T11:00:27","date_gmt":"2018-04-16T14:00:27","guid":{"rendered":"https:\/\/eldiariodesanpedro.com.ar\/sitio\/?p=31688"},"modified":"2018-04-16T12:07:04","modified_gmt":"2018-04-16T15:07:04","slug":"una-mujer-se-callo-de-la-moto-y-se-fracturo-el-maxilar","status":"publish","type":"post","link":"https:\/\/eldiariodesanpedro.com.ar\/sitio\/una-mujer-se-callo-de-la-moto-y-se-fracturo-el-maxilar\/","title":{"rendered":"Una mujer se cayo de la moto y se fractur\u00f3 el maxilar"},"content":{"rendered":"<p><!-- VideographyWP Plugin Message: Automatic video embedding prevented by plugin options. --><br \/>\nEn horas del mediod\u00eda el personal policial esta dependencia se traslado hasta calle Avenida Sarmiento al 400 donde una mujer de 37 a\u00f1os de este medio tras perder estabilidad de la motocicleta que guiaba, cae al pavimento, golpe\u00e1ndose en el rostro, siendo trasladada al hospital, donde se constata  que posee fractura en el maxilar y hematoma en p\u00f3mulo, quedando en observaci\u00f3n.<\/p>\n","protected":false},"excerpt":{"rendered":"<p>En horas del mediod\u00eda el personal policial esta dependencia se traslado hasta calle Avenida Sarmiento al 400 donde una mujer de 37 a\u00f1os de este medio tras perder estabilidad de la motocicleta que guiaba, cae al pavimento, golpe\u00e1ndose en el rostro, siendo trasladada al hospital, donde se constata que posee fractura en el maxilar y [&hellip;]<\/p>\n","protected":false},"author":4,"featured_media":25808,"comment_status":"open","ping_status":"closed","sticky":false,"template":"","format":"standard","meta":{"om_disable_all_campaigns":false,"_jetpack_memberships_contains_paid_content":false,"footnotes":""},"categories":[2,103],"tags":[],"class_list":["post-31688","post","type-post","status-publish","format-standard","has-post-thumbnail","hentry","category-locales","category-policiales-locales"],"aioseo_notices":[],"gutentor_comment":0,"jetpack_featured_media_url":"https:\/\/eldiariodesanpedro.com.ar\/sitio\/wp-content\/uploads\/2017\/11\/Los-accidentados-fueron-derivados-a-la-Guardia.jpg","jetpack_shortlink":"https:\/\/wp.me\/p6RhLt-8f6","jetpack_sharing_enabled":true,"_links":{"self":[{"href":"https:\/\/eldiariodesanpedro.com.ar\/sitio\/wp-json\/wp\/v2\/posts\/31688","targetHints":{"allow":["GET"]}}],"collection":[{"href":"https:\/\/eldiariodesanpedro.com.ar\/sitio\/wp-json\/wp\/v2\/posts"}],"about":[{"href":"https:\/\/eldiariodesanpedro.com.ar\/sitio\/wp-json\/wp\/v2\/types\/post"}],"author":[{"embeddable":true,"href":"https:\/\/eldiariodesanpedro.com.ar\/sitio\/wp-json\/wp\/v2\/users\/4"}],"replies":[{"embeddable":true,"href":"https:\/\/eldiariodesanpedro.com.ar\/sitio\/wp-json\/wp\/v2\/comments?post=31688"}],"version-history":[{"count":2,"href":"https:\/\/eldiariodesanpedro.com.ar\/sitio\/wp-json\/wp\/v2\/posts\/31688\/revisions"}],"predecessor-version":[{"id":31692,"href":"https:\/\/eldiariodesanpedro.com.ar\/sitio\/wp-json\/wp\/v2\/posts\/31688\/revisions\/31692"}],"wp:featuredmedia":[{"embeddable":true,"href":"https:\/\/eldiariodesanpedro.com.ar\/sitio\/wp-json\/wp\/v2\/media\/25808"}],"wp:attachment":[{"href":"https:\/\/eldiariodesanpedro.com.ar\/sitio\/wp-json\/wp\/v2\/media?parent=31688"}],"wp:term":[{"taxonomy":"category","embeddable":true,"href":"https:\/\/eldiariodesanpedro.com.ar\/sitio\/wp-json\/wp\/v2\/categories?post=31688"},{"taxonomy":"post_tag","embeddable":true,"href":"https:\/\/eldiariodesanpedro.com.ar\/sitio\/wp-json\/wp\/v2\/tags?post=31688"}],"curies":[{"name":"wp","href":"https:\/\/api.w.org\/{rel}","templated":true}]}}