{"id":31685,"date":"2018-04-16T10:51:52","date_gmt":"2018-04-16T13:51:52","guid":{"rendered":"https:\/\/eldiariodesanpedro.com.ar\/sitio\/?p=31685"},"modified":"2018-04-16T10:53:21","modified_gmt":"2018-04-16T13:53:21","slug":"aprehenden-a-un-delincuente-que-arrebato-la-cartera-a-una-mujer","status":"publish","type":"post","link":"https:\/\/eldiariodesanpedro.com.ar\/sitio\/aprehenden-a-un-delincuente-que-arrebato-la-cartera-a-una-mujer\/","title":{"rendered":"Aprehenden a un delincuente que arrebato la cartera a una mujer"},"content":{"rendered":"<p><!-- VideographyWP Plugin Message: Automatic video embedding prevented by plugin options. --><br \/>\nEste domingo por la tarde personal policial procedi\u00f3 a la aprehensi\u00f3n en calle Miguel Porta y Davila, de un masculino de 23 a\u00f1os, el cual en calle Riobamba al 200, hab\u00eda arrebatado la cartera a una mujer de 53 a\u00f1os que se dispon\u00eda a ingresar a un domicilio, la cartera y elementos que pose\u00eda fue restituida a su propietaria.<\/p>\n","protected":false},"excerpt":{"rendered":"<p>Este domingo por la tarde personal policial procedi\u00f3 a la aprehensi\u00f3n en calle Miguel Porta y Davila, de un masculino de 23 a\u00f1os, el cual en calle Riobamba al 200, hab\u00eda arrebatado la cartera a una mujer de 53 a\u00f1os que se dispon\u00eda a ingresar a un domicilio, la cartera y elementos que pose\u00eda fue [&hellip;]<\/p>\n","protected":false},"author":4,"featured_media":20446,"comment_status":"open","ping_status":"closed","sticky":false,"template":"","format":"standard","meta":{"om_disable_all_campaigns":false,"_jetpack_memberships_contains_paid_content":false,"footnotes":""},"categories":[2,103],"tags":[],"class_list":["post-31685","post","type-post","status-publish","format-standard","has-post-thumbnail","hentry","category-locales","category-policiales-locales"],"aioseo_notices":[],"gutentor_comment":0,"jetpack_featured_media_url":"https:\/\/eldiariodesanpedro.com.ar\/sitio\/wp-content\/uploads\/2017\/07\/detenido-3-1.jpg","jetpack_shortlink":"https:\/\/wp.me\/p6RhLt-8f3","jetpack_sharing_enabled":true,"_links":{"self":[{"href":"https:\/\/eldiariodesanpedro.com.ar\/sitio\/wp-json\/wp\/v2\/posts\/31685","targetHints":{"allow":["GET"]}}],"collection":[{"href":"https:\/\/eldiariodesanpedro.com.ar\/sitio\/wp-json\/wp\/v2\/posts"}],"about":[{"href":"https:\/\/eldiariodesanpedro.com.ar\/sitio\/wp-json\/wp\/v2\/types\/post"}],"author":[{"embeddable":true,"href":"https:\/\/eldiariodesanpedro.com.ar\/sitio\/wp-json\/wp\/v2\/users\/4"}],"replies":[{"embeddable":true,"href":"https:\/\/eldiariodesanpedro.com.ar\/sitio\/wp-json\/wp\/v2\/comments?post=31685"}],"version-history":[{"count":2,"href":"https:\/\/eldiariodesanpedro.com.ar\/sitio\/wp-json\/wp\/v2\/posts\/31685\/revisions"}],"predecessor-version":[{"id":31687,"href":"https:\/\/eldiariodesanpedro.com.ar\/sitio\/wp-json\/wp\/v2\/posts\/31685\/revisions\/31687"}],"wp:featuredmedia":[{"embeddable":true,"href":"https:\/\/eldiariodesanpedro.com.ar\/sitio\/wp-json\/wp\/v2\/media\/20446"}],"wp:attachment":[{"href":"https:\/\/eldiariodesanpedro.com.ar\/sitio\/wp-json\/wp\/v2\/media?parent=31685"}],"wp:term":[{"taxonomy":"category","embeddable":true,"href":"https:\/\/eldiariodesanpedro.com.ar\/sitio\/wp-json\/wp\/v2\/categories?post=31685"},{"taxonomy":"post_tag","embeddable":true,"href":"https:\/\/eldiariodesanpedro.com.ar\/sitio\/wp-json\/wp\/v2\/tags?post=31685"}],"curies":[{"name":"wp","href":"https:\/\/api.w.org\/{rel}","templated":true}]}}