{"id":31677,"date":"2018-04-15T20:24:32","date_gmt":"2018-04-15T23:24:32","guid":{"rendered":"https:\/\/eldiariodesanpedro.com.ar\/sitio\/?p=31677"},"modified":"2018-04-15T20:24:32","modified_gmt":"2018-04-15T23:24:32","slug":"guillermo-cenci-visito-san-pedro","status":"publish","type":"post","link":"https:\/\/eldiariodesanpedro.com.ar\/sitio\/guillermo-cenci-visito-san-pedro\/","title":{"rendered":"Guillermo Cenci visit\u00f3 San Pedro"},"content":{"rendered":"<p><!-- VideographyWP Plugin Message: Automatic video embedding prevented by plugin options. --><br \/>\nEste s\u00e1bado visit\u00f3 la ciudad y las instalaciones del Diario de San Pedro el referente del Movimiento Social por la Rep\u00fablica Guillermo Cenci, a los efectos de establecer contactos con referentes locales y vecinos.<\/p>\n<p>El objeto de la visita esta referida a establecer una base de trabajo en la segunda secci\u00f3n electoral del Movimiento Social por la Rep\u00fablica con miras a las elecciones del 2019.<\/p>\n<p>La tarea de este espacio \u00e9tico,  social y republicano incluido dentro del Espacio Cambiemos es sentar las bases de la recuperaci\u00f3n de las instituciones de la Rep\u00fablica, ordenamiento constitucional que nos permite la vida en democracia, rescatando los valores \u00e9ticos y la sensibilidad social. Afianzar estos valores son los que nos permitir\u00e1n  dejar atr\u00e1s las desigualdades sociales y culturales. El Movimiento Social por la Rep\u00fablica se ha constituido de hecho en la pata social de Cambiemos.<\/p>\n","protected":false},"excerpt":{"rendered":"<p>Este s\u00e1bado visit\u00f3 la ciudad y las instalaciones del Diario de San Pedro el referente del Movimiento Social por la Rep\u00fablica Guillermo Cenci, a los efectos de establecer contactos con referentes locales y vecinos. El objeto de la visita esta referida a establecer una base de trabajo en la segunda secci\u00f3n electoral del Movimiento Social [&hellip;]<\/p>\n","protected":false},"author":4,"featured_media":31680,"comment_status":"open","ping_status":"closed","sticky":false,"template":"","format":"standard","meta":{"om_disable_all_campaigns":false,"_jetpack_memberships_contains_paid_content":false,"footnotes":""},"categories":[2,102],"tags":[],"class_list":["post-31677","post","type-post","status-publish","format-standard","has-post-thumbnail","hentry","category-locales","category-politica-locales"],"aioseo_notices":[],"gutentor_comment":0,"jetpack_featured_media_url":"https:\/\/eldiariodesanpedro.com.ar\/sitio\/wp-content\/uploads\/2018\/04\/PAGINA-3-DOS.jpeg","jetpack_shortlink":"https:\/\/wp.me\/p6RhLt-8eV","jetpack_sharing_enabled":true,"_links":{"self":[{"href":"https:\/\/eldiariodesanpedro.com.ar\/sitio\/wp-json\/wp\/v2\/posts\/31677","targetHints":{"allow":["GET"]}}],"collection":[{"href":"https:\/\/eldiariodesanpedro.com.ar\/sitio\/wp-json\/wp\/v2\/posts"}],"about":[{"href":"https:\/\/eldiariodesanpedro.com.ar\/sitio\/wp-json\/wp\/v2\/types\/post"}],"author":[{"embeddable":true,"href":"https:\/\/eldiariodesanpedro.com.ar\/sitio\/wp-json\/wp\/v2\/users\/4"}],"replies":[{"embeddable":true,"href":"https:\/\/eldiariodesanpedro.com.ar\/sitio\/wp-json\/wp\/v2\/comments?post=31677"}],"version-history":[{"count":1,"href":"https:\/\/eldiariodesanpedro.com.ar\/sitio\/wp-json\/wp\/v2\/posts\/31677\/revisions"}],"predecessor-version":[{"id":31681,"href":"https:\/\/eldiariodesanpedro.com.ar\/sitio\/wp-json\/wp\/v2\/posts\/31677\/revisions\/31681"}],"wp:featuredmedia":[{"embeddable":true,"href":"https:\/\/eldiariodesanpedro.com.ar\/sitio\/wp-json\/wp\/v2\/media\/31680"}],"wp:attachment":[{"href":"https:\/\/eldiariodesanpedro.com.ar\/sitio\/wp-json\/wp\/v2\/media?parent=31677"}],"wp:term":[{"taxonomy":"category","embeddable":true,"href":"https:\/\/eldiariodesanpedro.com.ar\/sitio\/wp-json\/wp\/v2\/categories?post=31677"},{"taxonomy":"post_tag","embeddable":true,"href":"https:\/\/eldiariodesanpedro.com.ar\/sitio\/wp-json\/wp\/v2\/tags?post=31677"}],"curies":[{"name":"wp","href":"https:\/\/api.w.org\/{rel}","templated":true}]}}