{"id":31674,"date":"2018-04-15T20:23:31","date_gmt":"2018-04-15T23:23:31","guid":{"rendered":"https:\/\/eldiariodesanpedro.com.ar\/sitio\/?p=31674"},"modified":"2018-04-15T20:23:31","modified_gmt":"2018-04-15T23:23:31","slug":"zarate-un-joven-gravemente-herido-al-quedar-su-brazo-atrapado-y-aplastado-en-una-maquina-industrial","status":"publish","type":"post","link":"https:\/\/eldiariodesanpedro.com.ar\/sitio\/zarate-un-joven-gravemente-herido-al-quedar-su-brazo-atrapado-y-aplastado-en-una-maquina-industrial\/","title":{"rendered":"Z\u00c1RATE: Un joven gravemente herido al quedar su brazo atrapado y aplastado en una m\u00e1quina industrial"},"content":{"rendered":"<p><!-- VideographyWP Plugin Message: Automatic video embedding prevented by plugin options. --><br \/>\n  Un joven de 20 a\u00f1os aproximadamente result\u00f3 gravemente herido al quedarse trabado uno de sus brazos en una m\u00e1quina industrial para elaborar productos alimenticios.<\/p>\n<p>  La ambulancia del SEMU fue alertada del hecho y debi\u00f3 dirigirse hasta Moreno al 1700, el domicilio donde ocurri\u00f3 la desgracia. Al mismo tiempo acudieron Bomberos Voluntarios de Z\u00e1rate para desarmar el artefacto y as\u00ed liberar la extremidad atrapada.<\/p>\n<p>  Fue trasladado de urgencia al Hospital Virgen del Carmen para la evaluaci\u00f3n de su herida, hasta el momento s\u00f3lo se sabe que sufri\u00f3 aplastamiento a la altura del codo.<\/p>\n<p>Fuente: Enlace Cr\u00edtico<\/p>\n","protected":false},"excerpt":{"rendered":"<p>Un joven de 20 a\u00f1os aproximadamente result\u00f3 gravemente herido al quedarse trabado uno de sus brazos en una m\u00e1quina industrial para elaborar productos alimenticios. La ambulancia del SEMU fue alertada del hecho y debi\u00f3 dirigirse hasta Moreno al 1700, el domicilio donde ocurri\u00f3 la desgracia. Al mismo tiempo acudieron Bomberos Voluntarios de Z\u00e1rate para desarmar [&hellip;]<\/p>\n","protected":false},"author":4,"featured_media":31678,"comment_status":"open","ping_status":"closed","sticky":false,"template":"","format":"standard","meta":{"om_disable_all_campaigns":false,"_jetpack_memberships_contains_paid_content":false,"footnotes":""},"categories":[621],"tags":[],"class_list":["post-31674","post","type-post","status-publish","format-standard","has-post-thumbnail","hentry","category-regionales"],"aioseo_notices":[],"gutentor_comment":0,"jetpack_featured_media_url":"https:\/\/eldiariodesanpedro.com.ar\/sitio\/wp-content\/uploads\/2018\/04\/zarate-ambulancia-semu-y-policia.jpg","jetpack_shortlink":"https:\/\/wp.me\/p6RhLt-8eS","jetpack_sharing_enabled":true,"_links":{"self":[{"href":"https:\/\/eldiariodesanpedro.com.ar\/sitio\/wp-json\/wp\/v2\/posts\/31674","targetHints":{"allow":["GET"]}}],"collection":[{"href":"https:\/\/eldiariodesanpedro.com.ar\/sitio\/wp-json\/wp\/v2\/posts"}],"about":[{"href":"https:\/\/eldiariodesanpedro.com.ar\/sitio\/wp-json\/wp\/v2\/types\/post"}],"author":[{"embeddable":true,"href":"https:\/\/eldiariodesanpedro.com.ar\/sitio\/wp-json\/wp\/v2\/users\/4"}],"replies":[{"embeddable":true,"href":"https:\/\/eldiariodesanpedro.com.ar\/sitio\/wp-json\/wp\/v2\/comments?post=31674"}],"version-history":[{"count":1,"href":"https:\/\/eldiariodesanpedro.com.ar\/sitio\/wp-json\/wp\/v2\/posts\/31674\/revisions"}],"predecessor-version":[{"id":31679,"href":"https:\/\/eldiariodesanpedro.com.ar\/sitio\/wp-json\/wp\/v2\/posts\/31674\/revisions\/31679"}],"wp:featuredmedia":[{"embeddable":true,"href":"https:\/\/eldiariodesanpedro.com.ar\/sitio\/wp-json\/wp\/v2\/media\/31678"}],"wp:attachment":[{"href":"https:\/\/eldiariodesanpedro.com.ar\/sitio\/wp-json\/wp\/v2\/media?parent=31674"}],"wp:term":[{"taxonomy":"category","embeddable":true,"href":"https:\/\/eldiariodesanpedro.com.ar\/sitio\/wp-json\/wp\/v2\/categories?post=31674"},{"taxonomy":"post_tag","embeddable":true,"href":"https:\/\/eldiariodesanpedro.com.ar\/sitio\/wp-json\/wp\/v2\/tags?post=31674"}],"curies":[{"name":"wp","href":"https:\/\/api.w.org\/{rel}","templated":true}]}}