{"id":31671,"date":"2018-04-15T20:19:23","date_gmt":"2018-04-15T23:19:23","guid":{"rendered":"https:\/\/eldiariodesanpedro.com.ar\/sitio\/?p=31671"},"modified":"2018-04-15T20:19:23","modified_gmt":"2018-04-15T23:19:23","slug":"baradero-marcha-en-baradero-contra-los-tarifazos","status":"publish","type":"post","link":"https:\/\/eldiariodesanpedro.com.ar\/sitio\/baradero-marcha-en-baradero-contra-los-tarifazos\/","title":{"rendered":"BARADERO: Marcha en Baradero contra los tarifazos"},"content":{"rendered":"<p><!-- VideographyWP Plugin Message: Automatic video embedding prevented by plugin options. --><br \/>\nVecinos se convocaron en la Plaza Mitre frente a la Municipalidad. Recorrieron el radio c\u00e9ntrico con pancartas, velas, banderas argentinas y bombos. Manifestaron el descontento por las impagables facturas el\u00e9ctricas.<\/p>\n<p>  La concurrida manifestaci\u00f3n tuvo lugar el viernes 13 por la noche en la Plaza Mitre.<\/p>\n<p>  Fue el paso posterior al tratamiento que el Honorable Concejo Deliberante de la ciudad al tema y no se aprobara la \u201cEmergencia tarifaria\u201d, sino un proyecto de resoluci\u00f3n presentado por Cambiemos. <\/p>\n<p>  Un centenar de vecinos y comerciantes caminaron desde Plaza Mitre por Anchorena hasta Darragueira para llegar a las escalinatas del edificio municipal.<\/p>\n<p>  Con velas, pancartas, banderas argentinas y bombos se manifestaron alrededor de 45 minutos donde no faltaron los aplausos sostenidos en todo el trayecto de la marcha.<\/p>\n<p>  Pese a que en algunos momentos los discursos estuvieron politizados, hubo intervenciones de vecinos que dejaron en claro que \u201cla manifestaci\u00f3n no era pol\u00edtica, sino muy por el contrario lo era por la preocupaci\u00f3n enorme que se vive tras los aumentos en la tarifa el\u00e9ctrica\u201d.<\/p>\n<p>  Tambi\u00e9n se acord\u00f3 adherir a la marcha nacional que se concretar\u00e1 en algunos d\u00edas.<\/p>\n<p>Fuente: Tu L\u00ednea Directa<\/p>\n","protected":false},"excerpt":{"rendered":"<p>Vecinos se convocaron en la Plaza Mitre frente a la Municipalidad. Recorrieron el radio c\u00e9ntrico con pancartas, velas, banderas argentinas y bombos. Manifestaron el descontento por las impagables facturas el\u00e9ctricas. La concurrida manifestaci\u00f3n tuvo lugar el viernes 13 por la noche en la Plaza Mitre. Fue el paso posterior al tratamiento que el Honorable Concejo [&hellip;]<\/p>\n","protected":false},"author":4,"featured_media":31673,"comment_status":"open","ping_status":"closed","sticky":false,"template":"","format":"standard","meta":{"om_disable_all_campaigns":false,"_jetpack_memberships_contains_paid_content":false,"footnotes":""},"categories":[621],"tags":[],"class_list":["post-31671","post","type-post","status-publish","format-standard","has-post-thumbnail","hentry","category-regionales"],"aioseo_notices":[],"gutentor_comment":0,"jetpack_featured_media_url":"https:\/\/eldiariodesanpedro.com.ar\/sitio\/wp-content\/uploads\/2018\/04\/La-marcha-realizada.jpg","jetpack_shortlink":"https:\/\/wp.me\/p6RhLt-8eP","jetpack_sharing_enabled":true,"_links":{"self":[{"href":"https:\/\/eldiariodesanpedro.com.ar\/sitio\/wp-json\/wp\/v2\/posts\/31671","targetHints":{"allow":["GET"]}}],"collection":[{"href":"https:\/\/eldiariodesanpedro.com.ar\/sitio\/wp-json\/wp\/v2\/posts"}],"about":[{"href":"https:\/\/eldiariodesanpedro.com.ar\/sitio\/wp-json\/wp\/v2\/types\/post"}],"author":[{"embeddable":true,"href":"https:\/\/eldiariodesanpedro.com.ar\/sitio\/wp-json\/wp\/v2\/users\/4"}],"replies":[{"embeddable":true,"href":"https:\/\/eldiariodesanpedro.com.ar\/sitio\/wp-json\/wp\/v2\/comments?post=31671"}],"version-history":[{"count":1,"href":"https:\/\/eldiariodesanpedro.com.ar\/sitio\/wp-json\/wp\/v2\/posts\/31671\/revisions"}],"predecessor-version":[{"id":31675,"href":"https:\/\/eldiariodesanpedro.com.ar\/sitio\/wp-json\/wp\/v2\/posts\/31671\/revisions\/31675"}],"wp:featuredmedia":[{"embeddable":true,"href":"https:\/\/eldiariodesanpedro.com.ar\/sitio\/wp-json\/wp\/v2\/media\/31673"}],"wp:attachment":[{"href":"https:\/\/eldiariodesanpedro.com.ar\/sitio\/wp-json\/wp\/v2\/media?parent=31671"}],"wp:term":[{"taxonomy":"category","embeddable":true,"href":"https:\/\/eldiariodesanpedro.com.ar\/sitio\/wp-json\/wp\/v2\/categories?post=31671"},{"taxonomy":"post_tag","embeddable":true,"href":"https:\/\/eldiariodesanpedro.com.ar\/sitio\/wp-json\/wp\/v2\/tags?post=31671"}],"curies":[{"name":"wp","href":"https:\/\/api.w.org\/{rel}","templated":true}]}}