{"id":31667,"date":"2018-04-15T20:18:18","date_gmt":"2018-04-15T23:18:18","guid":{"rendered":"https:\/\/eldiariodesanpedro.com.ar\/sitio\/?p=31667"},"modified":"2018-04-15T20:18:18","modified_gmt":"2018-04-15T23:18:18","slug":"ramallo-un-patrullero-fue-embestido-por-un-tren","status":"publish","type":"post","link":"https:\/\/eldiariodesanpedro.com.ar\/sitio\/ramallo-un-patrullero-fue-embestido-por-un-tren\/","title":{"rendered":"RAMALLO: Un patrullero fue embestido por un tren"},"content":{"rendered":"<p><!-- VideographyWP Plugin Message: Automatic video embedding prevented by plugin options. --><br \/>\n  Por causas que se tratan de establecer, el \u00fanico patrullero policial que tiene la localidad fue embestido por una m\u00e1quina de tren carguero. Ocurri\u00f3 cerca de las 21 hs en Villa General Savio. <\/p>\n<p>  \u00abDe milagro no fue una tragedia\u00bb dijo Ariel Galarza, delegado de la localidad.<\/p>\n<p>Fuente: La Radio Ramallo<\/p>\n","protected":false},"excerpt":{"rendered":"<p>Por causas que se tratan de establecer, el \u00fanico patrullero policial que tiene la localidad fue embestido por una m\u00e1quina de tren carguero. Ocurri\u00f3 cerca de las 21 hs en Villa General Savio. \u00abDe milagro no fue una tragedia\u00bb dijo Ariel Galarza, delegado de la localidad. Fuente: La Radio Ramallo<\/p>\n","protected":false},"author":4,"featured_media":31670,"comment_status":"open","ping_status":"closed","sticky":false,"template":"","format":"standard","meta":{"om_disable_all_campaigns":false,"_jetpack_memberships_contains_paid_content":false,"footnotes":""},"categories":[621],"tags":[],"class_list":["post-31667","post","type-post","status-publish","format-standard","has-post-thumbnail","hentry","category-regionales"],"aioseo_notices":[],"gutentor_comment":0,"jetpack_featured_media_url":"https:\/\/eldiariodesanpedro.com.ar\/sitio\/wp-content\/uploads\/2018\/04\/El-\u00fanico-patrullero-policial-de-la-localidad-embestido-por-el-tren.jpg","jetpack_shortlink":"https:\/\/wp.me\/p6RhLt-8eL","jetpack_sharing_enabled":true,"_links":{"self":[{"href":"https:\/\/eldiariodesanpedro.com.ar\/sitio\/wp-json\/wp\/v2\/posts\/31667","targetHints":{"allow":["GET"]}}],"collection":[{"href":"https:\/\/eldiariodesanpedro.com.ar\/sitio\/wp-json\/wp\/v2\/posts"}],"about":[{"href":"https:\/\/eldiariodesanpedro.com.ar\/sitio\/wp-json\/wp\/v2\/types\/post"}],"author":[{"embeddable":true,"href":"https:\/\/eldiariodesanpedro.com.ar\/sitio\/wp-json\/wp\/v2\/users\/4"}],"replies":[{"embeddable":true,"href":"https:\/\/eldiariodesanpedro.com.ar\/sitio\/wp-json\/wp\/v2\/comments?post=31667"}],"version-history":[{"count":1,"href":"https:\/\/eldiariodesanpedro.com.ar\/sitio\/wp-json\/wp\/v2\/posts\/31667\/revisions"}],"predecessor-version":[{"id":31672,"href":"https:\/\/eldiariodesanpedro.com.ar\/sitio\/wp-json\/wp\/v2\/posts\/31667\/revisions\/31672"}],"wp:featuredmedia":[{"embeddable":true,"href":"https:\/\/eldiariodesanpedro.com.ar\/sitio\/wp-json\/wp\/v2\/media\/31670"}],"wp:attachment":[{"href":"https:\/\/eldiariodesanpedro.com.ar\/sitio\/wp-json\/wp\/v2\/media?parent=31667"}],"wp:term":[{"taxonomy":"category","embeddable":true,"href":"https:\/\/eldiariodesanpedro.com.ar\/sitio\/wp-json\/wp\/v2\/categories?post=31667"},{"taxonomy":"post_tag","embeddable":true,"href":"https:\/\/eldiariodesanpedro.com.ar\/sitio\/wp-json\/wp\/v2\/tags?post=31667"}],"curies":[{"name":"wp","href":"https:\/\/api.w.org\/{rel}","templated":true}]}}