{"id":31663,"date":"2018-04-15T20:17:12","date_gmt":"2018-04-15T23:17:12","guid":{"rendered":"https:\/\/eldiariodesanpedro.com.ar\/sitio\/?p=31663"},"modified":"2018-04-15T20:17:12","modified_gmt":"2018-04-15T23:17:12","slug":"zarate-el-enfrentamiento-armado-en-barrio-las-violetas-se-dio-por-una-disputa-de-terrenos","status":"publish","type":"post","link":"https:\/\/eldiariodesanpedro.com.ar\/sitio\/zarate-el-enfrentamiento-armado-en-barrio-las-violetas-se-dio-por-una-disputa-de-terrenos\/","title":{"rendered":"Z\u00c1RATE: El enfrentamiento armado en barrio Las Violetas se dio por una disputa de terrenos"},"content":{"rendered":"<p><!-- VideographyWP Plugin Message: Automatic video embedding prevented by plugin options. --><br \/>\nTal como inform\u00e1bamos anoche, las dos ambulancias de Bomberos Voluntarios de Z\u00e1rate debieron trasladar a tres hombres con heridas de arma de fuego.<\/p>\n<p>  Pasadas algunas horas del enfrentamiento, se pudo saber que tuvo lugar en barrio Las Violetas a ra\u00edz de una disputa de terrenos. Dos sujetos se hicieron presentes en la casa de un tercero para reclamarle una cierta cantidad de dinero. Sin m\u00e1s escapatoria y, amenazado de muerte, el due\u00f1o de la vivienda extrajo una pistola para defenderse que desencaden\u00f3 en una grave confrontaci\u00f3n.<\/p>\n<p>  Fuentes policiales confirmaron estos dos sujetos recibieron impactos en la zona de la rodilla y tambi\u00e9n en el abdomen. Uno qued\u00f3 internado con custodia policial y otro fue traslado a la Escobar en donde quedar\u00e1 alojado.<\/p>\n<p>  Tambi\u00e9n hubo un tercer vecino herido que circulaba por el lugar y nada ten\u00eda que ver con la situaci\u00f3n; recibi\u00f3 un balazo en su mano derecha.<\/p>\n<p>  Se labraron actuaciones por \u201ccohesi\u00f3n agravada por el uso de arma y lesiones graves\u201d.<\/p>\n<p>Fuente: Enlace Cr\u00edtico<\/p>\n","protected":false},"excerpt":{"rendered":"<p>Tal como inform\u00e1bamos anoche, las dos ambulancias de Bomberos Voluntarios de Z\u00e1rate debieron trasladar a tres hombres con heridas de arma de fuego. Pasadas algunas horas del enfrentamiento, se pudo saber que tuvo lugar en barrio Las Violetas a ra\u00edz de una disputa de terrenos. Dos sujetos se hicieron presentes en la casa de un [&hellip;]<\/p>\n","protected":false},"author":4,"featured_media":31665,"comment_status":"open","ping_status":"closed","sticky":false,"template":"","format":"standard","meta":{"om_disable_all_campaigns":false,"_jetpack_memberships_contains_paid_content":false,"footnotes":""},"categories":[621],"tags":[],"class_list":["post-31663","post","type-post","status-publish","format-standard","has-post-thumbnail","hentry","category-regionales"],"aioseo_notices":[],"gutentor_comment":0,"jetpack_featured_media_url":"https:\/\/eldiariodesanpedro.com.ar\/sitio\/wp-content\/uploads\/2018\/04\/zarate-enfrentamiento-armado-en-barrio-Las-Violetas.jpg","jetpack_shortlink":"https:\/\/wp.me\/p6RhLt-8eH","jetpack_sharing_enabled":true,"_links":{"self":[{"href":"https:\/\/eldiariodesanpedro.com.ar\/sitio\/wp-json\/wp\/v2\/posts\/31663","targetHints":{"allow":["GET"]}}],"collection":[{"href":"https:\/\/eldiariodesanpedro.com.ar\/sitio\/wp-json\/wp\/v2\/posts"}],"about":[{"href":"https:\/\/eldiariodesanpedro.com.ar\/sitio\/wp-json\/wp\/v2\/types\/post"}],"author":[{"embeddable":true,"href":"https:\/\/eldiariodesanpedro.com.ar\/sitio\/wp-json\/wp\/v2\/users\/4"}],"replies":[{"embeddable":true,"href":"https:\/\/eldiariodesanpedro.com.ar\/sitio\/wp-json\/wp\/v2\/comments?post=31663"}],"version-history":[{"count":1,"href":"https:\/\/eldiariodesanpedro.com.ar\/sitio\/wp-json\/wp\/v2\/posts\/31663\/revisions"}],"predecessor-version":[{"id":31669,"href":"https:\/\/eldiariodesanpedro.com.ar\/sitio\/wp-json\/wp\/v2\/posts\/31663\/revisions\/31669"}],"wp:featuredmedia":[{"embeddable":true,"href":"https:\/\/eldiariodesanpedro.com.ar\/sitio\/wp-json\/wp\/v2\/media\/31665"}],"wp:attachment":[{"href":"https:\/\/eldiariodesanpedro.com.ar\/sitio\/wp-json\/wp\/v2\/media?parent=31663"}],"wp:term":[{"taxonomy":"category","embeddable":true,"href":"https:\/\/eldiariodesanpedro.com.ar\/sitio\/wp-json\/wp\/v2\/categories?post=31663"},{"taxonomy":"post_tag","embeddable":true,"href":"https:\/\/eldiariodesanpedro.com.ar\/sitio\/wp-json\/wp\/v2\/tags?post=31663"}],"curies":[{"name":"wp","href":"https:\/\/api.w.org\/{rel}","templated":true}]}}