{"id":31660,"date":"2018-04-15T20:13:22","date_gmt":"2018-04-15T23:13:22","guid":{"rendered":"https:\/\/eldiariodesanpedro.com.ar\/sitio\/?p=31660"},"modified":"2018-04-15T20:13:22","modified_gmt":"2018-04-15T23:13:22","slug":"arrecifes-llegaron-las-columnas-de-la-estructura-del-microestadio-cubierto","status":"publish","type":"post","link":"https:\/\/eldiariodesanpedro.com.ar\/sitio\/arrecifes-llegaron-las-columnas-de-la-estructura-del-microestadio-cubierto\/","title":{"rendered":"ARRECIFES: Llegaron las columnas de la estructura del Microestadio cubierto"},"content":{"rendered":"<p><!-- VideographyWP Plugin Message: Automatic video embedding prevented by plugin options. --><br \/>\nObra anunciada, obra que se concreta. La consigna de la actual gesti\u00f3n municipal impuesta desde el comienzo de la misma por el Intendente Javier Olaeta sigue reafirm\u00e1ndose a trav\u00e9s de los hechos.<\/p>\n<p>  Arribaron la semana pasada al Polideportivo Municipal \u201cGeneral San Mart\u00edn\u201d las columnas laterales de la estructura perteneciente al nuevo Microestadio cubierto.<\/p>\n<p>  Durante la descarga de las mismas visitaron la obra el actual presidente del Concejo Deliberante, Paqui B\u00f3veda, quien fuera el director de Deportes cuando se gestion\u00f3 la realizaci\u00f3n de este proyecto; acompa\u00f1ado por el actual director de Deportes, Cristian Davini; el secretario de Obras y Servicios P\u00fablicos, Rub\u00e9n Binimelis, y el responsable de Turismo, Guillermo Di Giovanni.<\/p>\n<p>  El microestadio cubierto contar\u00e1 con medidas reglamentarias para la pr\u00e1ctica de diversas disciplinas deportivas, entre ellas b\u00e1squet, handball, v\u00f3ley y futsal. Tendr\u00e1 tribunas con capacidad para 1.200 personas. Sus paredes ser\u00e1n de bloques de cemento de 3 metros de altura y de ah\u00ed para arriba chapa hasta completar los 4,5.<\/p>\n<p>  Todo est\u00e1 listo para que la empresa encargada del montaje comience la semana pr\u00f3xima a parar los p\u00f3rticos y en poco tiempo los arrecife\u00f1os podamos ver hecho realidad un anuncio realizado durante a\u00f1os y jam\u00e1s cumplido, la construcci\u00f3n de un Microestadio cubierto para Arrecifes.<\/p>\n<p>Fuente: Arrecifes Noticias<\/p>\n","protected":false},"excerpt":{"rendered":"<p>Obra anunciada, obra que se concreta. La consigna de la actual gesti\u00f3n municipal impuesta desde el comienzo de la misma por el Intendente Javier Olaeta sigue reafirm\u00e1ndose a trav\u00e9s de los hechos. Arribaron la semana pasada al Polideportivo Municipal \u201cGeneral San Mart\u00edn\u201d las columnas laterales de la estructura perteneciente al nuevo Microestadio cubierto. Durante la [&hellip;]<\/p>\n","protected":false},"author":4,"featured_media":31662,"comment_status":"open","ping_status":"closed","sticky":false,"template":"","format":"standard","meta":{"om_disable_all_campaigns":false,"_jetpack_memberships_contains_paid_content":false,"footnotes":""},"categories":[621],"tags":[],"class_list":["post-31660","post","type-post","status-publish","format-standard","has-post-thumbnail","hentry","category-regionales"],"aioseo_notices":[],"gutentor_comment":0,"jetpack_featured_media_url":"https:\/\/eldiariodesanpedro.com.ar\/sitio\/wp-content\/uploads\/2018\/04\/Arribaron-las-columnas-laterales-de-la-estructura-.jpg","jetpack_shortlink":"https:\/\/wp.me\/p6RhLt-8eE","jetpack_sharing_enabled":true,"_links":{"self":[{"href":"https:\/\/eldiariodesanpedro.com.ar\/sitio\/wp-json\/wp\/v2\/posts\/31660","targetHints":{"allow":["GET"]}}],"collection":[{"href":"https:\/\/eldiariodesanpedro.com.ar\/sitio\/wp-json\/wp\/v2\/posts"}],"about":[{"href":"https:\/\/eldiariodesanpedro.com.ar\/sitio\/wp-json\/wp\/v2\/types\/post"}],"author":[{"embeddable":true,"href":"https:\/\/eldiariodesanpedro.com.ar\/sitio\/wp-json\/wp\/v2\/users\/4"}],"replies":[{"embeddable":true,"href":"https:\/\/eldiariodesanpedro.com.ar\/sitio\/wp-json\/wp\/v2\/comments?post=31660"}],"version-history":[{"count":1,"href":"https:\/\/eldiariodesanpedro.com.ar\/sitio\/wp-json\/wp\/v2\/posts\/31660\/revisions"}],"predecessor-version":[{"id":31664,"href":"https:\/\/eldiariodesanpedro.com.ar\/sitio\/wp-json\/wp\/v2\/posts\/31660\/revisions\/31664"}],"wp:featuredmedia":[{"embeddable":true,"href":"https:\/\/eldiariodesanpedro.com.ar\/sitio\/wp-json\/wp\/v2\/media\/31662"}],"wp:attachment":[{"href":"https:\/\/eldiariodesanpedro.com.ar\/sitio\/wp-json\/wp\/v2\/media?parent=31660"}],"wp:term":[{"taxonomy":"category","embeddable":true,"href":"https:\/\/eldiariodesanpedro.com.ar\/sitio\/wp-json\/wp\/v2\/categories?post=31660"},{"taxonomy":"post_tag","embeddable":true,"href":"https:\/\/eldiariodesanpedro.com.ar\/sitio\/wp-json\/wp\/v2\/tags?post=31660"}],"curies":[{"name":"wp","href":"https:\/\/api.w.org\/{rel}","templated":true}]}}