{"id":31659,"date":"2018-04-15T20:21:17","date_gmt":"2018-04-15T23:21:17","guid":{"rendered":"https:\/\/eldiariodesanpedro.com.ar\/sitio\/?p=31659"},"modified":"2018-04-15T20:21:17","modified_gmt":"2018-04-15T23:21:17","slug":"incendio-en-una-precaria-vivienda-con-perdidas-totales","status":"publish","type":"post","link":"https:\/\/eldiariodesanpedro.com.ar\/sitio\/incendio-en-una-precaria-vivienda-con-perdidas-totales\/","title":{"rendered":"Incendio en una precaria vivienda con p\u00e9rdidas totales"},"content":{"rendered":"<p><!-- VideographyWP Plugin Message: Automatic video embedding prevented by plugin options. --><br \/>\nEste viernes en horas de la noche se produjo un incendio en un domicilio en la zona del bajo puerto donde una mujer perdio absolutamente todo.<\/p>\n<p>Alrededor de las 21 hs del viernes se produjo un incendio donde las perdidas fueron totales en la bajada del puerto poste 27 en donde se encontraba una precaria casa de chapas y maderas que fue totalmente quemada quedando solo cenizas, en el lugar viv\u00eda una mujer de 68 a\u00f1os que al momento del siniestro no se encontraba.<\/p>\n<p>Se hizo presente una dotaci\u00f3n de bomberos voluntarios conducida por el Comandante Mayor Daniel Lavella  quienes sofocaron el fuego r\u00e1pidamente, no se sabe cual seria el causal del incendio ya que en la vivienda no se encontraba nadie por lo que sera materia de investigacion.<br \/>\nLa propietaria de la vivienda debi\u00f3 ser trasladada a la guardia del nosocomio local por una descompensaci\u00f3n al ver que perdi\u00f3 todas sus pertenencias.<\/p>\n","protected":false},"excerpt":{"rendered":"<p>Este viernes en horas de la noche se produjo un incendio en un domicilio en la zona del bajo puerto donde una mujer perdio absolutamente todo. Alrededor de las 21 hs del viernes se produjo un incendio donde las perdidas fueron totales en la bajada del puerto poste 27 en donde se encontraba una precaria [&hellip;]<\/p>\n","protected":false},"author":4,"featured_media":31668,"comment_status":"open","ping_status":"closed","sticky":false,"template":"","format":"standard","meta":{"om_disable_all_campaigns":false,"_jetpack_memberships_contains_paid_content":false,"footnotes":""},"categories":[2,103],"tags":[],"class_list":["post-31659","post","type-post","status-publish","format-standard","has-post-thumbnail","hentry","category-locales","category-policiales-locales"],"aioseo_notices":[],"gutentor_comment":0,"jetpack_featured_media_url":"https:\/\/eldiariodesanpedro.com.ar\/sitio\/wp-content\/uploads\/2018\/04\/PAGINA-3-UNO-e1523834451666.jpg","jetpack_shortlink":"https:\/\/wp.me\/p6RhLt-8eD","jetpack_sharing_enabled":true,"_links":{"self":[{"href":"https:\/\/eldiariodesanpedro.com.ar\/sitio\/wp-json\/wp\/v2\/posts\/31659","targetHints":{"allow":["GET"]}}],"collection":[{"href":"https:\/\/eldiariodesanpedro.com.ar\/sitio\/wp-json\/wp\/v2\/posts"}],"about":[{"href":"https:\/\/eldiariodesanpedro.com.ar\/sitio\/wp-json\/wp\/v2\/types\/post"}],"author":[{"embeddable":true,"href":"https:\/\/eldiariodesanpedro.com.ar\/sitio\/wp-json\/wp\/v2\/users\/4"}],"replies":[{"embeddable":true,"href":"https:\/\/eldiariodesanpedro.com.ar\/sitio\/wp-json\/wp\/v2\/comments?post=31659"}],"version-history":[{"count":1,"href":"https:\/\/eldiariodesanpedro.com.ar\/sitio\/wp-json\/wp\/v2\/posts\/31659\/revisions"}],"predecessor-version":[{"id":31676,"href":"https:\/\/eldiariodesanpedro.com.ar\/sitio\/wp-json\/wp\/v2\/posts\/31659\/revisions\/31676"}],"wp:featuredmedia":[{"embeddable":true,"href":"https:\/\/eldiariodesanpedro.com.ar\/sitio\/wp-json\/wp\/v2\/media\/31668"}],"wp:attachment":[{"href":"https:\/\/eldiariodesanpedro.com.ar\/sitio\/wp-json\/wp\/v2\/media?parent=31659"}],"wp:term":[{"taxonomy":"category","embeddable":true,"href":"https:\/\/eldiariodesanpedro.com.ar\/sitio\/wp-json\/wp\/v2\/categories?post=31659"},{"taxonomy":"post_tag","embeddable":true,"href":"https:\/\/eldiariodesanpedro.com.ar\/sitio\/wp-json\/wp\/v2\/tags?post=31659"}],"curies":[{"name":"wp","href":"https:\/\/api.w.org\/{rel}","templated":true}]}}