{"id":31657,"date":"2018-04-15T20:11:59","date_gmt":"2018-04-15T23:11:59","guid":{"rendered":"https:\/\/eldiariodesanpedro.com.ar\/sitio\/?p=31657"},"modified":"2018-04-15T20:11:59","modified_gmt":"2018-04-15T23:11:59","slug":"aprehendieron-al-dirigente-oscar-basualdo-por-amenazar-a-su-ex-mujer","status":"publish","type":"post","link":"https:\/\/eldiariodesanpedro.com.ar\/sitio\/aprehendieron-al-dirigente-oscar-basualdo-por-amenazar-a-su-ex-mujer\/","title":{"rendered":"Aprehendieron al dirigente Oscar Basualdo por amenazar a su ex mujer"},"content":{"rendered":"<p><!-- VideographyWP Plugin Message: Automatic video embedding prevented by plugin options. --><br \/>\nSeg\u00fan relata el parte policial emitido desde la Comisar\u00eda, el dirigente pol\u00edtico y barrial qued\u00f3 alojado en un calabozo luego de amenazar a su mujer quien hab\u00eda impuesto un per\u00edmetro de acercamiento. Adem\u00e1s, llevaba un arma blanca entre sus ropas.   <\/p>\n<p>  El dirigente pol\u00edtico y barrial Oscar \u201cPat\u00f3n\u201d Basualdo, de 33 a\u00f1os, qued\u00f3 alojado en un calabozo de la Comisar\u00eda luego de que fuera denunciado por su ex mujer luego de que la interceptara en la v\u00eda p\u00fablica y amenazara verbalmente.<\/p>\n<p>  El agravante es que momento antes al incidente hab\u00eda vencido el per\u00edmetro de acercamiento que la justicia le impuso al hombre luego de que fuera denunciado por la v\u00edctima.<\/p>\n<p>  Seg\u00fan consta en el acta certificado en la dependencia policial, Basualdo intercept\u00f3 a su ex pareja en la esquina de Boulevard Moreno y 11 de Septiembre y comenz\u00f3 a amenazarla en forma verbal. Al momento de hacerse presente el personal policial se constat\u00f3 que adem\u00e1s llevaba un arma blanca entre sus ropas.<\/p>\n<p>  El dirigente fue aprehendido y alojado en una celda de la Comisar\u00eda aguardando las decisiones que pueda tomar la Fiscal\u00eda de turno en el transcurso de la jornada.    <\/p>\n<p>  Oscar Basualdo, tiene una activa participaci\u00f3n en las redes sociales. Como dirigente pol\u00edtico, fue varias veces candidato de distintos partidos pol\u00edticos de la ciudad. Como referente barrial, en varias oportunidades, denunci\u00f3 hechos de inseguridad y hace pocas semanas acompa\u00f1\u00f3 a un joven que fue acusado por un caso de violencia de g\u00e9nero.<\/p>\n<p>Fuente: San Pedro Informa<\/p>\n","protected":false},"excerpt":{"rendered":"<p>Seg\u00fan relata el parte policial emitido desde la Comisar\u00eda, el dirigente pol\u00edtico y barrial qued\u00f3 alojado en un calabozo luego de amenazar a su mujer quien hab\u00eda impuesto un per\u00edmetro de acercamiento. Adem\u00e1s, llevaba un arma blanca entre sus ropas. El dirigente pol\u00edtico y barrial Oscar \u201cPat\u00f3n\u201d Basualdo, de 33 a\u00f1os, qued\u00f3 alojado en un [&hellip;]<\/p>\n","protected":false},"author":4,"featured_media":31658,"comment_status":"open","ping_status":"closed","sticky":false,"template":"","format":"standard","meta":{"om_disable_all_campaigns":false,"_jetpack_memberships_contains_paid_content":false,"footnotes":""},"categories":[2,102],"tags":[],"class_list":["post-31657","post","type-post","status-publish","format-standard","has-post-thumbnail","hentry","category-locales","category-politica-locales"],"aioseo_notices":[],"gutentor_comment":0,"jetpack_featured_media_url":"https:\/\/eldiariodesanpedro.com.ar\/sitio\/wp-content\/uploads\/2018\/04\/oscar-basualdo.jpg","jetpack_shortlink":"https:\/\/wp.me\/p6RhLt-8eB","jetpack_sharing_enabled":true,"_links":{"self":[{"href":"https:\/\/eldiariodesanpedro.com.ar\/sitio\/wp-json\/wp\/v2\/posts\/31657","targetHints":{"allow":["GET"]}}],"collection":[{"href":"https:\/\/eldiariodesanpedro.com.ar\/sitio\/wp-json\/wp\/v2\/posts"}],"about":[{"href":"https:\/\/eldiariodesanpedro.com.ar\/sitio\/wp-json\/wp\/v2\/types\/post"}],"author":[{"embeddable":true,"href":"https:\/\/eldiariodesanpedro.com.ar\/sitio\/wp-json\/wp\/v2\/users\/4"}],"replies":[{"embeddable":true,"href":"https:\/\/eldiariodesanpedro.com.ar\/sitio\/wp-json\/wp\/v2\/comments?post=31657"}],"version-history":[{"count":1,"href":"https:\/\/eldiariodesanpedro.com.ar\/sitio\/wp-json\/wp\/v2\/posts\/31657\/revisions"}],"predecessor-version":[{"id":31661,"href":"https:\/\/eldiariodesanpedro.com.ar\/sitio\/wp-json\/wp\/v2\/posts\/31657\/revisions\/31661"}],"wp:featuredmedia":[{"embeddable":true,"href":"https:\/\/eldiariodesanpedro.com.ar\/sitio\/wp-json\/wp\/v2\/media\/31658"}],"wp:attachment":[{"href":"https:\/\/eldiariodesanpedro.com.ar\/sitio\/wp-json\/wp\/v2\/media?parent=31657"}],"wp:term":[{"taxonomy":"category","embeddable":true,"href":"https:\/\/eldiariodesanpedro.com.ar\/sitio\/wp-json\/wp\/v2\/categories?post=31657"},{"taxonomy":"post_tag","embeddable":true,"href":"https:\/\/eldiariodesanpedro.com.ar\/sitio\/wp-json\/wp\/v2\/tags?post=31657"}],"curies":[{"name":"wp","href":"https:\/\/api.w.org\/{rel}","templated":true}]}}