{"id":31653,"date":"2018-04-15T19:46:36","date_gmt":"2018-04-15T22:46:36","guid":{"rendered":"https:\/\/eldiariodesanpedro.com.ar\/sitio\/?p=31653"},"modified":"2018-04-15T19:46:36","modified_gmt":"2018-04-15T22:46:36","slug":"alcoholizado-impacto-con-su-auto-un-semaforo","status":"publish","type":"post","link":"https:\/\/eldiariodesanpedro.com.ar\/sitio\/alcoholizado-impacto-con-su-auto-un-semaforo\/","title":{"rendered":"Alcoholizado impacto con su auto un sem\u00e1foro"},"content":{"rendered":"<p><!-- VideographyWP Plugin Message: Automatic video embedding prevented by plugin options. --><br \/>\nEn horas de la madrugada del domingo se produjo un accidente de transito donde un autom\u00f3vil que era conducido por una persona alcoholizada colisiono contra un sem\u00e1foro.<\/p>\n<p>El siniestro tuvo lugar en la esquina de San Mart\u00edn y R\u00f3mulo Nah\u00f3n alrededor de las 05:00 hs cuando un autom\u00f3vil Volkswagen Gol Trend de color gris que era conducido por un joven de 25 a\u00f1os quien impacto contra el sem\u00e1foro ubicado en el lugar.<\/p>\n<p>Al hacerse presente el personal de inspecci\u00f3n municipal realizase test de alcoholemia cual arroja 1.61 g\/l. el autom\u00f3vil fue secuestrado.<\/p>\n","protected":false},"excerpt":{"rendered":"<p>En horas de la madrugada del domingo se produjo un accidente de transito donde un autom\u00f3vil que era conducido por una persona alcoholizada colisiono contra un sem\u00e1foro. El siniestro tuvo lugar en la esquina de San Mart\u00edn y R\u00f3mulo Nah\u00f3n alrededor de las 05:00 hs cuando un autom\u00f3vil Volkswagen Gol Trend de color gris que [&hellip;]<\/p>\n","protected":false},"author":4,"featured_media":31654,"comment_status":"open","ping_status":"closed","sticky":false,"template":"","format":"standard","meta":{"om_disable_all_campaigns":false,"_jetpack_memberships_contains_paid_content":false,"footnotes":""},"categories":[2,103],"tags":[],"class_list":["post-31653","post","type-post","status-publish","format-standard","has-post-thumbnail","hentry","category-locales","category-policiales-locales"],"aioseo_notices":[],"gutentor_comment":0,"jetpack_featured_media_url":"https:\/\/eldiariodesanpedro.com.ar\/sitio\/wp-content\/uploads\/2018\/04\/PAGINA-3.png","jetpack_shortlink":"https:\/\/wp.me\/p6RhLt-8ex","jetpack_sharing_enabled":true,"_links":{"self":[{"href":"https:\/\/eldiariodesanpedro.com.ar\/sitio\/wp-json\/wp\/v2\/posts\/31653","targetHints":{"allow":["GET"]}}],"collection":[{"href":"https:\/\/eldiariodesanpedro.com.ar\/sitio\/wp-json\/wp\/v2\/posts"}],"about":[{"href":"https:\/\/eldiariodesanpedro.com.ar\/sitio\/wp-json\/wp\/v2\/types\/post"}],"author":[{"embeddable":true,"href":"https:\/\/eldiariodesanpedro.com.ar\/sitio\/wp-json\/wp\/v2\/users\/4"}],"replies":[{"embeddable":true,"href":"https:\/\/eldiariodesanpedro.com.ar\/sitio\/wp-json\/wp\/v2\/comments?post=31653"}],"version-history":[{"count":1,"href":"https:\/\/eldiariodesanpedro.com.ar\/sitio\/wp-json\/wp\/v2\/posts\/31653\/revisions"}],"predecessor-version":[{"id":31655,"href":"https:\/\/eldiariodesanpedro.com.ar\/sitio\/wp-json\/wp\/v2\/posts\/31653\/revisions\/31655"}],"wp:featuredmedia":[{"embeddable":true,"href":"https:\/\/eldiariodesanpedro.com.ar\/sitio\/wp-json\/wp\/v2\/media\/31654"}],"wp:attachment":[{"href":"https:\/\/eldiariodesanpedro.com.ar\/sitio\/wp-json\/wp\/v2\/media?parent=31653"}],"wp:term":[{"taxonomy":"category","embeddable":true,"href":"https:\/\/eldiariodesanpedro.com.ar\/sitio\/wp-json\/wp\/v2\/categories?post=31653"},{"taxonomy":"post_tag","embeddable":true,"href":"https:\/\/eldiariodesanpedro.com.ar\/sitio\/wp-json\/wp\/v2\/tags?post=31653"}],"curies":[{"name":"wp","href":"https:\/\/api.w.org\/{rel}","templated":true}]}}